{"id":7264,"date":"2025-02-25T00:48:00","date_gmt":"2025-02-25T06:48:00","guid":{"rendered":"https:\/\/www.vmnoticias.info\/?p=7264"},"modified":"2025-03-09T00:51:00","modified_gmt":"2025-03-09T06:51:00","slug":"el-rector-damaso-anaya-y-omar-bravo-presiden-apertura-de-la-copa-uat-2025","status":"publish","type":"post","link":"https:\/\/www.vmnoticias.info\/?p=7264","title":{"rendered":"El rector D\u00e1maso Anaya y Omar Bravo presiden apertura de la Copa UAT 2025"},"content":{"rendered":"<p>Por Deyanira Vega<br \/>\nCiudad Victoria, Tam.\u00b7 En una gran fiesta deportiva el rector de la UAT y el exfutbolista profesional encabezan tambi\u00e9n la entrega de trofeos a equipos y jugadores campeones de la edici\u00f3n 2024, ante cientos de ni\u00f1os y j\u00f3venes deportistas en el gimnasio multidisciplinario.<\/p>\n<p>Ante m\u00e1s de cinco mil asistentes, el rector de la Universidad Aut\u00f3noma de Tamaulipas, D\u00e1maso Anaya Alvarado puso en marcha la edici\u00f3n 41 de la Liga de Futbol Infantil y Juvenil Copa UAT que tuvo como padrino de honor al exfutbolista profesional Omar Bravo Tordecillas.<br \/>\nAcompa\u00f1ado del exjugador de las Chivas de Guadalajara y de la Selecci\u00f3n Mexicana, el rector encabez\u00f3 tambi\u00e9n, junto con su esposa Isolda Rend\u00f3n de Anaya, presidenta de Familia UAT, la premiaci\u00f3n a los equipos y jugadores de la competencia de 2024.<br \/>\nEn una gran fiesta deportiva con la asistencia de cientos de familias que acompa\u00f1aron a sus hijos en el Gimnasio Multidisciplinario del campus Victoria, D\u00e1maso Anaya destac\u00f3 la importancia de seguir abriendo espacios para la pr\u00e1ctica deportiva y que los ni\u00f1os, ni\u00f1as y j\u00f3venes se desarrollen en entornos arm\u00f3nicos y de paz.<br \/>\nLa ceremonia reuni\u00f3 a 143 equipos con m\u00e1s de tres mil participantes que competir\u00e1n en las categor\u00edas: Cracks, Biberones, Dientes de Leche, Uatitos, Bip Bips, Juvenil A y Juvenil B.<br \/>\nEn su oportunidad el exjugador mundialista mexicano felicit\u00f3 a los participantes, los exhort\u00f3 a perseguir sus sue\u00f1os y aspirar llegar a lo m\u00e1s alto en el deporte que aman.<br \/>\nOmar Bravo agradeci\u00f3 al rector D\u00e1maso Anaya por la invitaci\u00f3n para convivir con los jugadores y sus familias, quienes al final disfrutaron este encuentro con el exjugador<br \/>\n2 \/ 2<br \/>\nprofesional para tomarse la foto del recuerdo y llevarse balones y camisetas con su aut\u00f3grafo.<br \/>\nAl evento tambi\u00e9n asistieron, el secretario del Trabajo del gobierno estatal, Luis Gerardo Illoldi Reyes; la presidenta de la Comisi\u00f3n de Deporte en el Congreso de Estado, diputada Cynthia Jaime Castillo; el director general del Instituto del Deporte de Tamaulipas, Manuel Alejandro Viru\u00e9s Lozano, el presidente del Club Correcaminos, Javier Garibaldi de la Teja y el secretario de Vinculaci\u00f3n de la UAT, Rogelio Ram\u00edrez Flores.<\/p>\n","protected":false},"excerpt":{"rendered":"<p>Por Deyanira Vega Ciudad Victoria, Tam.\u00b7 En una gran fiesta deportiva el rector de la UAT y el exfutbolista profesional encabezan tambi\u00e9n la entrega de trofeos a equipos y jugadores campeones de la edici\u00f3n 2024, ante cientos de ni\u00f1os y j\u00f3venes deportistas en el gimnasio multidisciplinario. Ante m\u00e1s de cinco mil asistentes, el rector de [&hellip;]<\/p>\n","protected":false},"author":1,"featured_media":7265,"comment_status":"closed","ping_status":"closed","sticky":false,"template":"","format":"standard","meta":{"footnotes":""},"categories":[59],"tags":[],"class_list":["post-7264","post","type-post","status-publish","format-standard","has-post-thumbnail","hentry","category-boletines"],"_links":{"self":[{"href":"https:\/\/www.vmnoticias.info\/index.php?rest_route=\/wp\/v2\/posts\/7264","targetHints":{"allow":["GET"]}}],"collection":[{"href":"https:\/\/www.vmnoticias.info\/index.php?rest_route=\/wp\/v2\/posts"}],"about":[{"href":"https:\/\/www.vmnoticias.info\/index.php?rest_route=\/wp\/v2\/types\/post"}],"author":[{"embeddable":true,"href":"https:\/\/www.vmnoticias.info\/index.php?rest_route=\/wp\/v2\/users\/1"}],"replies":[{"embeddable":true,"href":"https:\/\/www.vmnoticias.info\/index.php?rest_route=%2Fwp%2Fv2%2Fcomments&post=7264"}],"version-history":[{"count":1,"href":"https:\/\/www.vmnoticias.info\/index.php?rest_route=\/wp\/v2\/posts\/7264\/revisions"}],"predecessor-version":[{"id":7266,"href":"https:\/\/www.vmnoticias.info\/index.php?rest_route=\/wp\/v2\/posts\/7264\/revisions\/7266"}],"wp:featuredmedia":[{"embeddable":true,"href":"https:\/\/www.vmnoticias.info\/index.php?rest_route=\/wp\/v2\/media\/7265"}],"wp:attachment":[{"href":"https:\/\/www.vmnoticias.info\/index.php?rest_route=%2Fwp%2Fv2%2Fmedia&parent=7264"}],"wp:term":[{"taxonomy":"category","embeddable":true,"href":"https:\/\/www.vmnoticias.info\/index.php?rest_route=%2Fwp%2Fv2%2Fcategories&post=7264"},{"taxonomy":"post_tag","embeddable":true,"href":"https:\/\/www.vmnoticias.info\/index.php?rest_route=%2Fwp%2Fv2%2Ftags&post=7264"}],"curies":[{"name":"wp","href":"https:\/\/api.w.org\/{rel}","templated":true}]}}