{"id":763,"date":"2021-12-01T17:31:47","date_gmt":"2021-12-01T23:31:47","guid":{"rendered":"https:\/\/www.vmnoticias.info\/?p=763"},"modified":"2021-12-07T17:37:50","modified_gmt":"2021-12-07T23:37:50","slug":"familias-de-reynosa-disfrutan-encendido-del-pino","status":"publish","type":"post","link":"https:\/\/www.vmnoticias.info\/?p=763","title":{"rendered":"Familias de Reynosa disfrutan encendido del pino"},"content":{"rendered":"<p>El Alcalde Carlos Pe\u00f1a Ortiz encendi\u00f3 el tradicional pino, dando inicio a la \u00e9poca.<\/p>\n<p>Por Yani Vega Mar\u00edn<\/p>\n<p>Reynosa, Tamaulipas.-\u00a0El Presidente Municipal, Carlos Pe\u00f1a Ortiz, encendi\u00f3 este mi\u00e9rcoles 1 de diciembre el tradicional Pino Navide\u00f1o, con el que el Gobierno Municipal env\u00eda un mensaje de, armon\u00eda, paz y bienestar a los reynosenses, en el inicio de esta \u00e9poca de unidad y buenaventura.<\/p>\n<p>\u00abRepresenta la esperanza y fe que tenemos en nuestro Municipio, en nuestras familias; sabemos que este 2021 ha sido muy dif\u00edcil pero nos llenamos de energ\u00eda, de fuerza para seguir adelante y tenemos que agradecer estar vivos\u00bb, dijo el Alcalde antes de encender las luces del Pino Navide\u00f1o.<\/p>\n<p>\u00abTenemos que luchar cada d\u00eda por una sociedad m\u00e1s solidaria, justa, con oportunidades dignas para todos y esta luz que encendemos hoy representa esa esperanza para nuestra querida Reynosa\u00bb, declar\u00f3 ante los asistentes, acompa\u00f1ado por sus padres el Presidente del DIF-Reynosa Carlos Luis Pe\u00f1a Garza y la ex Alcaldesa, Maki Esther Ortiz Dom\u00ednguez.<\/p>\n<p><img loading=\"lazy\" decoding=\"async\" class=\"alignleft size-large wp-image-764\" src=\"http:\/\/www.vmnoticias.info\/wp-content\/uploads\/2021\/12\/pino1-1024x682.jpg\" alt=\"\" width=\"640\" height=\"426\" srcset=\"https:\/\/www.vmnoticias.info\/wp-content\/uploads\/2021\/12\/pino1-1024x682.jpg 1024w, https:\/\/www.vmnoticias.info\/wp-content\/uploads\/2021\/12\/pino1-300x200.jpg 300w, https:\/\/www.vmnoticias.info\/wp-content\/uploads\/2021\/12\/pino1-768x512.jpg 768w, https:\/\/www.vmnoticias.info\/wp-content\/uploads\/2021\/12\/pino1-1536x1023.jpg 1536w, https:\/\/www.vmnoticias.info\/wp-content\/uploads\/2021\/12\/pino1.jpg 1600w\" sizes=\"auto, (max-width: 640px) 100vw, 640px\" \/><\/p>\n<p>En el evento, pleno del m\u00e1gico esp\u00edritu de la Navidad, el Alcalde fue acompa\u00f1ado por cientos de familias y ni\u00f1os que llenos de alegr\u00eda lo ayudaron a activar el encendido del Pino e iluminar nuestra ciudad con sus sonrisas y luces multicolores e impresionantes fuegos artificiales.<\/p>\n<p>Tambi\u00e9n participaron funcionarios municipales, miembros del Cabildo, el Coronel de Caballer\u00eda Juan Antonio Maldonado Casta\u00f1eda, Comandante del 19 Regimiento de Caballer\u00eda Motorizado; el Padre Gabriel L\u00f3pez Nava, Presb\u00edtero Jos\u00e9 Camarillo Oviedo; los Diputados Humberto Prieto Herrera, Juan Ovidio Garc\u00eda Garc\u00eda, y el profesor Jorge Guadalupe Acu\u00f1a Tov\u00edas, Secretario de Organizaci\u00f3n II del SNTE, Secci\u00f3n 30, entre otros distinguidos invitados.<\/p>\n","protected":false},"excerpt":{"rendered":"<p>El Alcalde Carlos Pe\u00f1a Ortiz encendi\u00f3 el tradicional pino, dando inicio a la \u00e9poca. Por Yani Vega Mar\u00edn Reynosa, Tamaulipas.-\u00a0El Presidente Municipal, Carlos Pe\u00f1a Ortiz, encendi\u00f3 este mi\u00e9rcoles 1 de diciembre el tradicional Pino Navide\u00f1o, con el que el Gobierno Municipal env\u00eda un mensaje de, armon\u00eda, paz y bienestar a los reynosenses, en el inicio [&hellip;]<\/p>\n","protected":false},"author":1,"featured_media":0,"comment_status":"open","ping_status":"open","sticky":false,"template":"","format":"standard","meta":{"footnotes":""},"categories":[45],"tags":[],"class_list":["post-763","post","type-post","status-publish","format-standard","hentry","category-importante"],"_links":{"self":[{"href":"https:\/\/www.vmnoticias.info\/index.php?rest_route=\/wp\/v2\/posts\/763","targetHints":{"allow":["GET"]}}],"collection":[{"href":"https:\/\/www.vmnoticias.info\/index.php?rest_route=\/wp\/v2\/posts"}],"about":[{"href":"https:\/\/www.vmnoticias.info\/index.php?rest_route=\/wp\/v2\/types\/post"}],"author":[{"embeddable":true,"href":"https:\/\/www.vmnoticias.info\/index.php?rest_route=\/wp\/v2\/users\/1"}],"replies":[{"embeddable":true,"href":"https:\/\/www.vmnoticias.info\/index.php?rest_route=%2Fwp%2Fv2%2Fcomments&post=763"}],"version-history":[{"count":0,"href":"https:\/\/www.vmnoticias.info\/index.php?rest_route=\/wp\/v2\/posts\/763\/revisions"}],"wp:attachment":[{"href":"https:\/\/www.vmnoticias.info\/index.php?rest_route=%2Fwp%2Fv2%2Fmedia&parent=763"}],"wp:term":[{"taxonomy":"category","embeddable":true,"href":"https:\/\/www.vmnoticias.info\/index.php?rest_route=%2Fwp%2Fv2%2Fcategories&post=763"},{"taxonomy":"post_tag","embeddable":true,"href":"https:\/\/www.vmnoticias.info\/index.php?rest_route=%2Fwp%2Fv2%2Ftags&post=763"}],"curies":[{"name":"wp","href":"https:\/\/api.w.org\/{rel}","templated":true}]}}