{"id":7938,"date":"2025-05-02T23:57:00","date_gmt":"2025-05-03T04:57:00","guid":{"rendered":"https:\/\/www.vmnoticias.info\/?p=7938"},"modified":"2025-05-04T00:00:20","modified_gmt":"2025-05-04T05:00:20","slug":"ofrece-la-uat-concierto-ludico-y-educativo-por-el-dia-del-nino-y-de-la-nina","status":"publish","type":"post","link":"https:\/\/www.vmnoticias.info\/?p=7938","title":{"rendered":"Ofrece la UAT concierto l\u00fadico y educativo por el D\u00eda del Ni\u00f1o y de la Ni\u00f1a"},"content":{"rendered":"<p>Por Deyanira Vega<br \/>\nCiudad Victoria, Tam.-La Universidad Aut\u00f3noma de Tamaulipas (UAT) ofreci\u00f3 un espect\u00e1culo musical lleno de aprendizaje y diversi\u00f3n para los ni\u00f1os y ni\u00f1as de los centros de desarrollo infantil de esta casa de estudios en Ciudad Victoria.<br \/>\nEn el marco conmemorativo del D\u00eda del Ni\u00f1o y de la Ni\u00f1a, el evento fue organizado por Familia UAT y la Direcci\u00f3n de Cultura y Arte con el prop\u00f3sito de combinar entretenimiento y promoci\u00f3n art\u00edstica.<br \/>\nTeniendo como escenario el Auditorio Alberto L\u00f3pez del Centro Cultural Tamaulipas, se ofreci\u00f3 la presentaci\u00f3n del Quinteto de Alientos UAT, que protagoniz\u00f3 la jornada con un espect\u00e1culo interactivo dirigido a ni\u00f1os y ni\u00f1as del C\u00edrculo de Desarrollo Infantil y del CENDI de la UAT.<br \/>\nLos m\u00fasicos de la UAT, caracterizados como personajes infantiles como Mario, Luigi, Jessie la Vaquerita, Blancanieves y la Chilindrina, capturaron la atenci\u00f3n del p\u00fablico con un repertorio que incluy\u00f3 melod\u00edas populares de pel\u00edculas infantiles y cl\u00e1sicos musicales.<br \/>\nAdem\u00e1s, los integrantes del quinteto aprovecharon la ocasi\u00f3n para ense\u00f1ar a los peque\u00f1os los instrumentos que conforman un ensamble de alientos: el fagot, la flauta transversal, el corno franc\u00e9s y el clarinete, fomentando as\u00ed su curiosidad por la m\u00fasica.<br \/>\nEn representaci\u00f3n de la presidenta honoraria de Familia UAT, Isolda Rend\u00f3n de Anaya, estuvo presente la directora general de Familia UAT, Laura Garc\u00eda \u00c1lvarez; adem\u00e1s se cont\u00f3 con la asistencia de la directora del Centro Cultural Tamaulipas, Ileana Mart\u00ednez Leal; del director de Cultura y Arte UAT, Ram\u00f3n Rold\u00e1n Ru\u00edz; y de las titulares del C\u00edrculo de Desarrollo Infantil y del CENDI de la UAT de Ciudad Victoria, quienes acompa\u00f1aron a los menores en esta experiencia l\u00fadica.<\/p>\n","protected":false},"excerpt":{"rendered":"<p>Por Deyanira Vega Ciudad Victoria, Tam.-La Universidad Aut\u00f3noma de Tamaulipas (UAT) ofreci\u00f3 un espect\u00e1culo musical lleno de aprendizaje y diversi\u00f3n para los ni\u00f1os y ni\u00f1as de los centros de desarrollo infantil de esta casa de estudios en Ciudad Victoria. En el marco conmemorativo del D\u00eda del Ni\u00f1o y de la Ni\u00f1a, el evento fue organizado [&hellip;]<\/p>\n","protected":false},"author":1,"featured_media":7939,"comment_status":"closed","ping_status":"closed","sticky":false,"template":"","format":"standard","meta":{"footnotes":""},"categories":[59],"tags":[],"class_list":["post-7938","post","type-post","status-publish","format-standard","has-post-thumbnail","hentry","category-boletines"],"_links":{"self":[{"href":"https:\/\/www.vmnoticias.info\/index.php?rest_route=\/wp\/v2\/posts\/7938","targetHints":{"allow":["GET"]}}],"collection":[{"href":"https:\/\/www.vmnoticias.info\/index.php?rest_route=\/wp\/v2\/posts"}],"about":[{"href":"https:\/\/www.vmnoticias.info\/index.php?rest_route=\/wp\/v2\/types\/post"}],"author":[{"embeddable":true,"href":"https:\/\/www.vmnoticias.info\/index.php?rest_route=\/wp\/v2\/users\/1"}],"replies":[{"embeddable":true,"href":"https:\/\/www.vmnoticias.info\/index.php?rest_route=%2Fwp%2Fv2%2Fcomments&post=7938"}],"version-history":[{"count":1,"href":"https:\/\/www.vmnoticias.info\/index.php?rest_route=\/wp\/v2\/posts\/7938\/revisions"}],"predecessor-version":[{"id":7940,"href":"https:\/\/www.vmnoticias.info\/index.php?rest_route=\/wp\/v2\/posts\/7938\/revisions\/7940"}],"wp:featuredmedia":[{"embeddable":true,"href":"https:\/\/www.vmnoticias.info\/index.php?rest_route=\/wp\/v2\/media\/7939"}],"wp:attachment":[{"href":"https:\/\/www.vmnoticias.info\/index.php?rest_route=%2Fwp%2Fv2%2Fmedia&parent=7938"}],"wp:term":[{"taxonomy":"category","embeddable":true,"href":"https:\/\/www.vmnoticias.info\/index.php?rest_route=%2Fwp%2Fv2%2Fcategories&post=7938"},{"taxonomy":"post_tag","embeddable":true,"href":"https:\/\/www.vmnoticias.info\/index.php?rest_route=%2Fwp%2Fv2%2Ftags&post=7938"}],"curies":[{"name":"wp","href":"https:\/\/api.w.org\/{rel}","templated":true}]}}