{"id":7957,"date":"2025-05-01T21:09:00","date_gmt":"2025-05-02T02:09:00","guid":{"rendered":"https:\/\/www.vmnoticias.info\/?p=7957"},"modified":"2025-05-05T21:11:24","modified_gmt":"2025-05-06T02:11:24","slug":"impulsa-tamaulipas-la-transformacion-urbana-con-enfoque-sustentable","status":"publish","type":"post","link":"https:\/\/www.vmnoticias.info\/?p=7957","title":{"rendered":"Impulsa Tamaulipas la transformaci\u00f3n urbana con enfoque sustentable"},"content":{"rendered":"<p>-Durante la Asamblea Nacional de la Federaci\u00f3n de Colegios de Arquitectos de la Rep\u00fablica Mexicana, se resalt\u00f3 el trabajo que se realiza en la entidad para ciudades mas resilientes, ordenadas y con un desarrollo sostenible<\/p>\n<p>Tampico, Tamaulipas.- Con el ejemplo de Tamaulipas como una entidad que avanza hacia ciudades m\u00e1s ordenadas, sostenibles y resilientes, inici\u00f3 en la ExpoTampico, la 117\u00aa Asamblea Nacional de la Federaci\u00f3n de Colegios de Arquitectos de la Rep\u00fablica Mexicana (FCARM), bajo el tema \u201cArquitectura y Agua, Transformando la Metr\u00f3poli\u201d.<\/p>\n<p>Este espacio nacional convoc\u00f3 a 79 colegios del pa\u00eds a reflexionar sobre el papel de la arquitectura frente a uno de los retos m\u00e1s urgentes como lo es la gesti\u00f3n h\u00eddrica en los entornos urbanos.<\/p>\n<p>La escasez de agua, las inundaciones y el deterioro ambiental fueron presentados como problemas que no pueden resolverse sin un redise\u00f1o profundo de las ciudades. En este contexto, la arquitectura cobra un papel crucial como generadora de soluciones sostenibles, tal como lo ha promovido el Gobierno de Tamaulipas a trav\u00e9s de estrategias de planeaci\u00f3n que priorizan la movilidad, el ordenamiento territorial y la protecci\u00f3n del medio ambiente.<\/p>\n<p>En representaci\u00f3n del gobernador Am\u00e9rico Villarreal Anaya, la secretaria de Desarrollo Urbano y Medio Ambiente, Karina Lizeth Sald\u00edvar Lartigue, particip\u00f3 en la inauguraci\u00f3n y destac\u00f3 el compromiso de la administraci\u00f3n estatal con la transformaci\u00f3n de las ciudades, siempre en coordinaci\u00f3n con el Gobierno de la Rep\u00fablica que encabeza la presidenta Claudia Sheinbaum Pardo.<\/p>\n<p>\u201cLas y los arquitectos no solo dise\u00f1amos espacios f\u00edsicos, tambi\u00e9n pensamos en la calidad de vida, en el entorno y en el futuro que queremos construir como sociedad\u201d, expres\u00f3.<\/p>\n<p>A\u00f1adi\u00f3 que la visi\u00f3n urban\u00edstica de Tamaulipas se refleja en acciones concretas, como los Planes Municipales de Ordenamiento Territorial y Desarrollo Urbano, y el Plan de Movilidad Urbana Sustentable, que impulsan un desarrollo m\u00e1s justo, accesible y ambientalmente responsable.<\/p>\n<p>El presidente nacional de la FCARM, Miguel Sosa Correa, reconoci\u00f3 el respaldo de los tres \u00f3rdenes de gobierno para hacer posible este foro. Afirm\u00f3 que la asamblea no es solo una plataforma t\u00e9cnica, sino un espacio de encuentro para repensar el futuro de M\u00e9xico desde la arquitectura, donde se generan espacios para el debate de temas cruciales y se fortalce el papel del arquitecto en el desarrollo del pa\u00eds.<\/p>\n<p>A\u00f1adi\u00f3 que la asamblea es una invitaci\u00f3n a fortalecer la relaci\u00f3n entre profesionales, autoridades y sociedad civil, con el objetivo de construir un M\u00e9xico m\u00e1s resiliente, ordenado y solidario.<\/p>\n<p>En el evento tambi\u00e9n participaron el presidente del Colegio de Arquitectos del Sur de Tamaulipas, Jos\u00e9 Ram\u00f3n C\u00e1rdenas Priego; la alcaldesa de Tampico, M\u00f3nica Villarrreal Anaya y el alcalde de Ciudad Madero, Erasmo Gonz\u00e1lez Robledo.<\/p>\n<p>           *      *     *<\/p>\n","protected":false},"excerpt":{"rendered":"<p>-Durante la Asamblea Nacional de la Federaci\u00f3n de Colegios de Arquitectos de la Rep\u00fablica Mexicana, se resalt\u00f3 el trabajo que se realiza en la entidad para ciudades mas resilientes, ordenadas y con un desarrollo sostenible Tampico, Tamaulipas.- Con el ejemplo de Tamaulipas como una entidad que avanza hacia ciudades m\u00e1s ordenadas, sostenibles y resilientes, inici\u00f3 [&hellip;]<\/p>\n","protected":false},"author":1,"featured_media":7958,"comment_status":"closed","ping_status":"closed","sticky":false,"template":"","format":"standard","meta":{"footnotes":""},"categories":[60],"tags":[],"class_list":["post-7957","post","type-post","status-publish","format-standard","has-post-thumbnail","hentry","category-top--2"],"_links":{"self":[{"href":"https:\/\/www.vmnoticias.info\/index.php?rest_route=\/wp\/v2\/posts\/7957","targetHints":{"allow":["GET"]}}],"collection":[{"href":"https:\/\/www.vmnoticias.info\/index.php?rest_route=\/wp\/v2\/posts"}],"about":[{"href":"https:\/\/www.vmnoticias.info\/index.php?rest_route=\/wp\/v2\/types\/post"}],"author":[{"embeddable":true,"href":"https:\/\/www.vmnoticias.info\/index.php?rest_route=\/wp\/v2\/users\/1"}],"replies":[{"embeddable":true,"href":"https:\/\/www.vmnoticias.info\/index.php?rest_route=%2Fwp%2Fv2%2Fcomments&post=7957"}],"version-history":[{"count":1,"href":"https:\/\/www.vmnoticias.info\/index.php?rest_route=\/wp\/v2\/posts\/7957\/revisions"}],"predecessor-version":[{"id":7959,"href":"https:\/\/www.vmnoticias.info\/index.php?rest_route=\/wp\/v2\/posts\/7957\/revisions\/7959"}],"wp:featuredmedia":[{"embeddable":true,"href":"https:\/\/www.vmnoticias.info\/index.php?rest_route=\/wp\/v2\/media\/7958"}],"wp:attachment":[{"href":"https:\/\/www.vmnoticias.info\/index.php?rest_route=%2Fwp%2Fv2%2Fmedia&parent=7957"}],"wp:term":[{"taxonomy":"category","embeddable":true,"href":"https:\/\/www.vmnoticias.info\/index.php?rest_route=%2Fwp%2Fv2%2Fcategories&post=7957"},{"taxonomy":"post_tag","embeddable":true,"href":"https:\/\/www.vmnoticias.info\/index.php?rest_route=%2Fwp%2Fv2%2Ftags&post=7957"}],"curies":[{"name":"wp","href":"https:\/\/api.w.org\/{rel}","templated":true}]}}