{"id":812,"date":"2021-12-16T00:57:14","date_gmt":"2021-12-16T06:57:14","guid":{"rendered":"https:\/\/www.vmnoticias.info\/?p=812"},"modified":"2021-12-27T01:00:40","modified_gmt":"2021-12-27T07:00:40","slug":"clausuran-en-reynosa-feria-internacional-del-libro-infantil-y-juvenil-2021","status":"publish","type":"post","link":"https:\/\/www.vmnoticias.info\/?p=812","title":{"rendered":"Clausuran en Reynosa Feria Internacional del Libro Infantil y Juvenil 2021"},"content":{"rendered":"<p>&nbsp;<\/p>\n<p>Por Yani Vega Mar\u00edn<\/p>\n<p>Reynosa, Tamaulipas. -El Presidente Municipal, Carlos Pe\u00f1a Ortiz, encabez\u00f3 la clausura de la cuarta edici\u00f3n de la Feria Internacional del Libro Infantil y Juvenil Reynosa 2021, reconociendo a la Directora, Elena Ram\u00edrez Ram\u00edrez, el esfuerzo en su organizaci\u00f3n y el resultado positivo para nuestra ciudad.<\/p>\n<p>\u00abLa educaci\u00f3n y especialmente la lectura son fundamentales para el desarrollo de todos los menores, donde los padres de familia, las organizaciones civiles y los gobiernos tienen que participar en conjunto y en unidad para poder abrir las puertas a los j\u00f3venes \u00ab, dijo el Alcalde.<\/p>\n<p>\u00abEn este proyecto de transformaci\u00f3n en que participamos con el Presidente Andr\u00e9s Manuel L\u00f3pez Obrador, y para poder llegar a esa sociedad a la que todos aspiramos, la educaci\u00f3n es parte fundamental y el Municipio de Reynosa siempre ser\u00e1 un aliado\u00bb.<\/p>\n<p>En la ceremonia de clausura, llevada a cano este jueves 16 de diciembre, participaron con el Presidente Carlos Pe\u00f1a Ortiz, participaron: Haydee Milagros \u00c1lvarez Ortu\u00f1o, Directora del IRCA; la Regidora Coordinadora de la Comisi\u00f3n de Cultura en el Cabildo, Mar\u00eda Esther Camargo F\u00e9lix; colaboradores de la FILIJ, Maestros, alumnos y padres de familia.<\/p>\n","protected":false},"excerpt":{"rendered":"<p>&nbsp; Por Yani Vega Mar\u00edn Reynosa, Tamaulipas. -El Presidente Municipal, Carlos Pe\u00f1a Ortiz, encabez\u00f3 la clausura de la cuarta edici\u00f3n de la Feria Internacional del Libro Infantil y Juvenil Reynosa 2021, reconociendo a la Directora, Elena Ram\u00edrez Ram\u00edrez, el esfuerzo en su organizaci\u00f3n y el resultado positivo para nuestra ciudad. \u00abLa educaci\u00f3n y especialmente la [&hellip;]<\/p>\n","protected":false},"author":1,"featured_media":813,"comment_status":"open","ping_status":"open","sticky":false,"template":"","format":"standard","meta":{"footnotes":""},"categories":[45],"tags":[],"class_list":["post-812","post","type-post","status-publish","format-standard","has-post-thumbnail","hentry","category-importante"],"_links":{"self":[{"href":"https:\/\/www.vmnoticias.info\/index.php?rest_route=\/wp\/v2\/posts\/812","targetHints":{"allow":["GET"]}}],"collection":[{"href":"https:\/\/www.vmnoticias.info\/index.php?rest_route=\/wp\/v2\/posts"}],"about":[{"href":"https:\/\/www.vmnoticias.info\/index.php?rest_route=\/wp\/v2\/types\/post"}],"author":[{"embeddable":true,"href":"https:\/\/www.vmnoticias.info\/index.php?rest_route=\/wp\/v2\/users\/1"}],"replies":[{"embeddable":true,"href":"https:\/\/www.vmnoticias.info\/index.php?rest_route=%2Fwp%2Fv2%2Fcomments&post=812"}],"version-history":[{"count":0,"href":"https:\/\/www.vmnoticias.info\/index.php?rest_route=\/wp\/v2\/posts\/812\/revisions"}],"wp:featuredmedia":[{"embeddable":true,"href":"https:\/\/www.vmnoticias.info\/index.php?rest_route=\/wp\/v2\/media\/813"}],"wp:attachment":[{"href":"https:\/\/www.vmnoticias.info\/index.php?rest_route=%2Fwp%2Fv2%2Fmedia&parent=812"}],"wp:term":[{"taxonomy":"category","embeddable":true,"href":"https:\/\/www.vmnoticias.info\/index.php?rest_route=%2Fwp%2Fv2%2Fcategories&post=812"},{"taxonomy":"post_tag","embeddable":true,"href":"https:\/\/www.vmnoticias.info\/index.php?rest_route=%2Fwp%2Fv2%2Ftags&post=812"}],"curies":[{"name":"wp","href":"https:\/\/api.w.org\/{rel}","templated":true}]}}