{"id":815,"date":"2021-12-20T01:00:50","date_gmt":"2021-12-20T07:00:50","guid":{"rendered":"https:\/\/www.vmnoticias.info\/?p=815"},"modified":"2021-12-27T01:04:20","modified_gmt":"2021-12-27T07:04:20","slug":"celebra-alcalde-a-bomberos","status":"publish","type":"post","link":"https:\/\/www.vmnoticias.info\/?p=815","title":{"rendered":"Celebra alcalde a Bomberos"},"content":{"rendered":"<p>&nbsp;<\/p>\n<p>Por Yani Vega Mar\u00edn<\/p>\n<p>Reynosa, Tamaulipas. -Agradece el Presidente Municipal Carlos Pe\u00f1a Ortiz al cuerpo de bomberos y Protecci\u00f3n Civil, durante la celebraci\u00f3n de la posada navide\u00f1a 2021, reconociendo su noble labor en apoyo a los reynosenses.<\/p>\n<p>Bomberos, Param\u00e9dicos, elementos de Protecci\u00f3n Civil y de m\u00e1s elementos que conforman esta Coordinaci\u00f3n, disfrutaron de un convivio ameno, durante la tarde de este lunes 20 de diciembre y del mensaje navide\u00f1o del Presidente Municipal.<\/p>\n<p>\u201c Les agradezco, ya que es gracias a ustedes que mucha gente pudo sobrevivir, tener una mejor calidad de vida, todas esas personas que ustedes ayudaron en un traslado que sacaron de un incendio que apoyaron en una situaci\u00f3n de riesgo y tal vez no los conocen, tal vez no se los agradece, pero en el fondo de su coraz\u00f3n siempre los van a recordar y siempre va a haber ese aprecio hacia Protecci\u00f3n Civil aqu\u00ed de Reynosa y de parte de todos ellos quiero agradecerles toda esa dedicaci\u00f3n y tambi\u00e9n el sacrificio que conlleva el trabajo que ustedes hacen \u201c coment\u00f3 el Presidente Carlos Pe\u00f1a.<\/p>\n<p>Acompa\u00f1ado del Coordinador General de Protecci\u00f3n Civil y Bomberos, Ernesto G\u00f3mez De la Pe\u00f1a, miembros de Cabildo y funcionarios municipales, se celebr\u00f3 la posada navide\u00f1a, disfrutando el convivio, regalos y sorpresas, en honor a los h\u00e9roes an\u00f3nimos.<\/p>\n","protected":false},"excerpt":{"rendered":"<p>&nbsp; Por Yani Vega Mar\u00edn Reynosa, Tamaulipas. -Agradece el Presidente Municipal Carlos Pe\u00f1a Ortiz al cuerpo de bomberos y Protecci\u00f3n Civil, durante la celebraci\u00f3n de la posada navide\u00f1a 2021, reconociendo su noble labor en apoyo a los reynosenses. Bomberos, Param\u00e9dicos, elementos de Protecci\u00f3n Civil y de m\u00e1s elementos que conforman esta Coordinaci\u00f3n, disfrutaron de un [&hellip;]<\/p>\n","protected":false},"author":1,"featured_media":0,"comment_status":"open","ping_status":"open","sticky":false,"template":"","format":"standard","meta":{"footnotes":""},"categories":[45],"tags":[],"class_list":["post-815","post","type-post","status-publish","format-standard","hentry","category-importante"],"_links":{"self":[{"href":"https:\/\/www.vmnoticias.info\/index.php?rest_route=\/wp\/v2\/posts\/815","targetHints":{"allow":["GET"]}}],"collection":[{"href":"https:\/\/www.vmnoticias.info\/index.php?rest_route=\/wp\/v2\/posts"}],"about":[{"href":"https:\/\/www.vmnoticias.info\/index.php?rest_route=\/wp\/v2\/types\/post"}],"author":[{"embeddable":true,"href":"https:\/\/www.vmnoticias.info\/index.php?rest_route=\/wp\/v2\/users\/1"}],"replies":[{"embeddable":true,"href":"https:\/\/www.vmnoticias.info\/index.php?rest_route=%2Fwp%2Fv2%2Fcomments&post=815"}],"version-history":[{"count":0,"href":"https:\/\/www.vmnoticias.info\/index.php?rest_route=\/wp\/v2\/posts\/815\/revisions"}],"wp:attachment":[{"href":"https:\/\/www.vmnoticias.info\/index.php?rest_route=%2Fwp%2Fv2%2Fmedia&parent=815"}],"wp:term":[{"taxonomy":"category","embeddable":true,"href":"https:\/\/www.vmnoticias.info\/index.php?rest_route=%2Fwp%2Fv2%2Fcategories&post=815"},{"taxonomy":"post_tag","embeddable":true,"href":"https:\/\/www.vmnoticias.info\/index.php?rest_route=%2Fwp%2Fv2%2Ftags&post=815"}],"curies":[{"name":"wp","href":"https:\/\/api.w.org\/{rel}","templated":true}]}}