{"id":8175,"date":"2025-05-20T21:48:05","date_gmt":"2025-05-21T02:48:05","guid":{"rendered":"https:\/\/www.vmnoticias.info\/?p=8175"},"modified":"2025-05-20T21:48:05","modified_gmt":"2025-05-21T02:48:05","slug":"advierte-pcyb-de-reynosa-lluvias-aisladas-y-vientos-fuertes","status":"publish","type":"post","link":"https:\/\/www.vmnoticias.info\/?p=8175","title":{"rendered":"Advierte PCyB de Reynosa lluvias aisladas y vientos fuertes"},"content":{"rendered":"<p>Por Yani Vega<br \/>\nReynosa, Tamaulipas.-La Coordinaci\u00f3n de Protecci\u00f3n Civil y Bomberos del Gobierno de Reynosa monitorea, por instrucciones del Alcalde Carlos Pe\u00f1a Ortiz,  los efectos del frente fr\u00edo que se desplazar\u00e1 por el norte del pa\u00eds y que causar\u00e1 lluvias aisladas y chubascos en esta regi\u00f3n. <\/p>\n<p>Se prev\u00e9 que durante esta noche de martes 20 de mayo y madrugada del mi\u00e9rcoles 21, el frente fr\u00edo, fuera de temporada, en combinaci\u00f3n con un flujo de viento en una zona alargada con baja presi\u00f3n, provocar\u00e1 el ascenso de masas de aire c\u00e1lido y h\u00famedo, generando condiciones de inestabilidad atmosf\u00e9rica. <\/p>\n<p>Adem\u00e1s, se esperan vientos sostenidos de 20 km\/h, con rachas de 30 a 40 km\/h, durante el paso del sistema climatol\u00f3gico, por lo que la dependencia municipal invita a la poblaci\u00f3n a tomar precauciones y mantenerse informada por fuentes oficiales. <\/p>\n","protected":false},"excerpt":{"rendered":"<p>Por Yani Vega Reynosa, Tamaulipas.-La Coordinaci\u00f3n de Protecci\u00f3n Civil y Bomberos del Gobierno de Reynosa monitorea, por instrucciones del Alcalde Carlos Pe\u00f1a Ortiz, los efectos del frente fr\u00edo que se desplazar\u00e1 por el norte del pa\u00eds y que causar\u00e1 lluvias aisladas y chubascos en esta regi\u00f3n. Se prev\u00e9 que durante esta noche de martes 20 [&hellip;]<\/p>\n","protected":false},"author":1,"featured_media":0,"comment_status":"closed","ping_status":"closed","sticky":false,"template":"","format":"standard","meta":{"footnotes":""},"categories":[58],"tags":[],"class_list":["post-8175","post","type-post","status-publish","format-standard","hentry","category-top-"],"_links":{"self":[{"href":"https:\/\/www.vmnoticias.info\/index.php?rest_route=\/wp\/v2\/posts\/8175","targetHints":{"allow":["GET"]}}],"collection":[{"href":"https:\/\/www.vmnoticias.info\/index.php?rest_route=\/wp\/v2\/posts"}],"about":[{"href":"https:\/\/www.vmnoticias.info\/index.php?rest_route=\/wp\/v2\/types\/post"}],"author":[{"embeddable":true,"href":"https:\/\/www.vmnoticias.info\/index.php?rest_route=\/wp\/v2\/users\/1"}],"replies":[{"embeddable":true,"href":"https:\/\/www.vmnoticias.info\/index.php?rest_route=%2Fwp%2Fv2%2Fcomments&post=8175"}],"version-history":[{"count":1,"href":"https:\/\/www.vmnoticias.info\/index.php?rest_route=\/wp\/v2\/posts\/8175\/revisions"}],"predecessor-version":[{"id":8178,"href":"https:\/\/www.vmnoticias.info\/index.php?rest_route=\/wp\/v2\/posts\/8175\/revisions\/8178"}],"wp:attachment":[{"href":"https:\/\/www.vmnoticias.info\/index.php?rest_route=%2Fwp%2Fv2%2Fmedia&parent=8175"}],"wp:term":[{"taxonomy":"category","embeddable":true,"href":"https:\/\/www.vmnoticias.info\/index.php?rest_route=%2Fwp%2Fv2%2Fcategories&post=8175"},{"taxonomy":"post_tag","embeddable":true,"href":"https:\/\/www.vmnoticias.info\/index.php?rest_route=%2Fwp%2Fv2%2Ftags&post=8175"}],"curies":[{"name":"wp","href":"https:\/\/api.w.org\/{rel}","templated":true}]}}