{"id":8212,"date":"2025-05-19T19:34:00","date_gmt":"2025-05-20T00:34:00","guid":{"rendered":"https:\/\/www.vmnoticias.info\/?p=8212"},"modified":"2025-05-21T19:35:51","modified_gmt":"2025-05-22T00:35:51","slug":"lleva-sebien-platicas-de-valores-a-familias-en-escuelas-de-victoria","status":"publish","type":"post","link":"https:\/\/www.vmnoticias.info\/?p=8212","title":{"rendered":"Lleva SEBIEN pl\u00e1ticas de valores a  familias en escuelas de Victoria"},"content":{"rendered":"<p>Ciudad Victoria, Tamps.- Padres, madres, tutores, cuidadores de familia y docentes de escuelas primarias, han sido incorporados a las pl\u00e1ticas de formaci\u00f3n de valores que llevan a cabo los capacitadores de la Secretar\u00eda de Bienestar Social, en el marco de las jornadas semanales de la Academia Social de Valores y Jornadas C\u00edvicas.<\/p>\n<p>Esta vez toc\u00f3 el turno a la escuela primaria \u201cLic. Emilio Portes Gil\u201d, inform\u00f3 Silvia Casas Gonz\u00e1lez, titular de SEBIEN.<\/p>\n<p>Dijo que se est\u00e1 cumpliendo con la encomienda establecida por el gobernador Am\u00e9rico Villarreal Anaya, de promover una sociedad m\u00e1s colaborativa y participativa, sirviendo al pueblo con compromiso. <\/p>\n<p>Casas Gonz\u00e1lez describi\u00f3 que el plan piloto contempla llegar este a\u00f1o a 31 escuelas detectadas en rezago social, y hasta ahora ya se ha intervenido en 13 planteles, d\u00f3nde se tuvo una participaci\u00f3n muy activa de los asistentes.<\/p>\n<p>En la composici\u00f3n de las familias donde la participaci\u00f3n de las abuelas, los abuelos, y otros cuidadores es cada vez m\u00e1s frecuente, explic\u00f3 que se requiere de una ampliaci\u00f3n de la ense\u00f1anza y la  promoci\u00f3n de valores m\u00e1s all\u00e1 de la poblaci\u00f3n escolar.<\/p>\n<p>\u201cEn esta tarea de fortalecer los valores en la comunidad tamaulipeca, hemos visto una muy buena respuesta de madres y padres, y de todos quienes est\u00e1n al cuidado de ni\u00f1os y ni\u00f1as de estas escuelas\u201d, expres\u00f3.<\/p>\n<p>Algo sobresaliente de estos cursos, es que los alumnos y sus familias se muestran muy interesados en los temas porque son abordados de forma muy sencilla y con ejemplos cotidianos que les permite identificar riesgos, lidiar con las situaciones y tomar decisiones correctas.<\/p>\n<p>\u201cEsto significa que al  proporcionarles herramientas que ayuden a una mejor formaci\u00f3n de las nuevas generaciones, se logra otro objetivo importante que es el de aumentar la colaboraci\u00f3n entre sociedad y gobierno encaminada a construir escenarios de paz\u201d, agreg\u00f3.<br \/>\nAhora los cursos buscan que las familias puedan reconocerse como sujetos dignos de recibir amor y respeto; y desenvolverse en una convivencia de paz, bondad, equidad, solidaridad, honradez y empat\u00eda, mencion\u00f3.<\/p>\n<p>          *      *    *<\/p>\n","protected":false},"excerpt":{"rendered":"<p>Ciudad Victoria, Tamps.- Padres, madres, tutores, cuidadores de familia y docentes de escuelas primarias, han sido incorporados a las pl\u00e1ticas de formaci\u00f3n de valores que llevan a cabo los capacitadores de la Secretar\u00eda de Bienestar Social, en el marco de las jornadas semanales de la Academia Social de Valores y Jornadas C\u00edvicas. Esta vez toc\u00f3 [&hellip;]<\/p>\n","protected":false},"author":1,"featured_media":8213,"comment_status":"closed","ping_status":"closed","sticky":false,"template":"","format":"standard","meta":{"footnotes":""},"categories":[60],"tags":[],"class_list":["post-8212","post","type-post","status-publish","format-standard","has-post-thumbnail","hentry","category-top--2"],"_links":{"self":[{"href":"https:\/\/www.vmnoticias.info\/index.php?rest_route=\/wp\/v2\/posts\/8212","targetHints":{"allow":["GET"]}}],"collection":[{"href":"https:\/\/www.vmnoticias.info\/index.php?rest_route=\/wp\/v2\/posts"}],"about":[{"href":"https:\/\/www.vmnoticias.info\/index.php?rest_route=\/wp\/v2\/types\/post"}],"author":[{"embeddable":true,"href":"https:\/\/www.vmnoticias.info\/index.php?rest_route=\/wp\/v2\/users\/1"}],"replies":[{"embeddable":true,"href":"https:\/\/www.vmnoticias.info\/index.php?rest_route=%2Fwp%2Fv2%2Fcomments&post=8212"}],"version-history":[{"count":1,"href":"https:\/\/www.vmnoticias.info\/index.php?rest_route=\/wp\/v2\/posts\/8212\/revisions"}],"predecessor-version":[{"id":8214,"href":"https:\/\/www.vmnoticias.info\/index.php?rest_route=\/wp\/v2\/posts\/8212\/revisions\/8214"}],"wp:featuredmedia":[{"embeddable":true,"href":"https:\/\/www.vmnoticias.info\/index.php?rest_route=\/wp\/v2\/media\/8213"}],"wp:attachment":[{"href":"https:\/\/www.vmnoticias.info\/index.php?rest_route=%2Fwp%2Fv2%2Fmedia&parent=8212"}],"wp:term":[{"taxonomy":"category","embeddable":true,"href":"https:\/\/www.vmnoticias.info\/index.php?rest_route=%2Fwp%2Fv2%2Fcategories&post=8212"},{"taxonomy":"post_tag","embeddable":true,"href":"https:\/\/www.vmnoticias.info\/index.php?rest_route=%2Fwp%2Fv2%2Ftags&post=8212"}],"curies":[{"name":"wp","href":"https:\/\/api.w.org\/{rel}","templated":true}]}}