{"id":8216,"date":"2025-05-21T21:13:26","date_gmt":"2025-05-22T02:13:26","guid":{"rendered":"https:\/\/www.vmnoticias.info\/?p=8216"},"modified":"2025-05-21T21:13:28","modified_gmt":"2025-05-22T02:13:28","slug":"fortalece-tamaulipas-alianza-con-el-instituto-de-las-mexicanas-y-mexicanos-en-el-exterior-imme","status":"publish","type":"post","link":"https:\/\/www.vmnoticias.info\/?p=8216","title":{"rendered":"Fortalece Tamaulipas alianza con el Instituto de las Mexicanas y Mexicanos en el Exterior (IMME)"},"content":{"rendered":"\n<p>Monterrey, Nuevo Le\u00f3n. \u2013  En el marco de una agenda de colaboraci\u00f3n estrat\u00e9gica, el Gobierno del Estado de Tamaulipas, a trav\u00e9s del Instituto Tamaulipeco para los Migrantes (ITM), contin\u00faa fortaleciendo los v\u00ednculos con la comunidad migrante mediante acciones coordinadas con el Instituto de los Mexicanos en el Exterior (IME), encabezado por su titular, Tatiana Clouthier Carrillo. <\/p>\n<p>El objetivo principal de este esfuerzo conjunto es robustecer las pol\u00edticas p\u00fablicas dirigidas a la di\u00e1spora tamaulipeca, especialmente aquella radicada en los Estados Unidos.<\/p>\n<p>Durante el encuentro, Juan Jos\u00e9 Rodr\u00edguez Alvarado, director general del ITM, subray\u00f3 la importancia de las y los tamaulipecos en el extranjero como actores clave en el desarrollo econ\u00f3mico, social y cultural del estado. <\/p>\n<p>Reconoci\u00f3 su contribuci\u00f3n a trav\u00e9s del env\u00edo de remesas, la inversi\u00f3n comunitaria y el fortalecimiento del tejido familiar, as\u00ed como su participaci\u00f3n activa en programas binacionales impulsados por el Gobierno de Tamaulipas.<\/p>\n<p>\u00abEsta reuni\u00f3n permiti\u00f3 afianzar l\u00edneas de acci\u00f3n conjuntas, particularmente en temas como identidad, doble nacionalidad, atenci\u00f3n consular, repatriaci\u00f3n y estrategias de coinversi\u00f3n para migrantes. Tambi\u00e9n se abordaron mecanismos de colaboraci\u00f3n institucional para avanzar en proyectos de innovaci\u00f3n digital y reforzar el sentido de pertenencia e identidad con las ra\u00edces tamaulipecas\u00bb, afirm\u00f3 Rodr\u00edguez Alvarado.<\/p>\n<p>Asimismo, el titular del ITM destac\u00f3 que se act\u00faa bajo instrucciones claras y precisas del gobernador Am\u00e9rico Villarreal Anaya, para mejorar las condiciones de vida de las y los tamaulipecos en el exterior. <\/p>\n<p>En este sentido, reiter\u00f3 el compromiso del Gobierno de Tamaulipas de mantener una colaboraci\u00f3n cercana y permanente con el Gobierno de M\u00e9xico, a fin de garantizar que las voces de la poblaci\u00f3n migrante sean escuchadas, atendidas y representadas con dignidad.<\/p>\n<p>Este encuentro reafirma la voluntad del Estado, por consolidar una pol\u00edtica migratoria humana, incluyente y eficaz, que reconozca el valor de quienes, desde el extranjero, contin\u00faan aportando al bienestar y desarrollo de Tamaulipas.<\/p>\n<p>         *     *    *<\/p>\n","protected":false},"excerpt":{"rendered":"<p>Monterrey, Nuevo Le\u00f3n. \u2013 En el marco de una agenda de colaboraci\u00f3n estrat\u00e9gica, el Gobierno del Estado de Tamaulipas, a trav\u00e9s del Instituto Tamaulipeco para los Migrantes (ITM), contin\u00faa fortaleciendo los v\u00ednculos con la comunidad migrante mediante acciones coordinadas con el Instituto de los Mexicanos en el Exterior (IME), encabezado por su titular, Tatiana Clouthier [&hellip;]<\/p>\n","protected":false},"author":1,"featured_media":8217,"comment_status":"closed","ping_status":"closed","sticky":false,"template":"","format":"standard","meta":{"footnotes":""},"categories":[60],"tags":[],"class_list":["post-8216","post","type-post","status-publish","format-standard","has-post-thumbnail","hentry","category-top--2"],"_links":{"self":[{"href":"https:\/\/www.vmnoticias.info\/index.php?rest_route=\/wp\/v2\/posts\/8216","targetHints":{"allow":["GET"]}}],"collection":[{"href":"https:\/\/www.vmnoticias.info\/index.php?rest_route=\/wp\/v2\/posts"}],"about":[{"href":"https:\/\/www.vmnoticias.info\/index.php?rest_route=\/wp\/v2\/types\/post"}],"author":[{"embeddable":true,"href":"https:\/\/www.vmnoticias.info\/index.php?rest_route=\/wp\/v2\/users\/1"}],"replies":[{"embeddable":true,"href":"https:\/\/www.vmnoticias.info\/index.php?rest_route=%2Fwp%2Fv2%2Fcomments&post=8216"}],"version-history":[{"count":1,"href":"https:\/\/www.vmnoticias.info\/index.php?rest_route=\/wp\/v2\/posts\/8216\/revisions"}],"predecessor-version":[{"id":8218,"href":"https:\/\/www.vmnoticias.info\/index.php?rest_route=\/wp\/v2\/posts\/8216\/revisions\/8218"}],"wp:featuredmedia":[{"embeddable":true,"href":"https:\/\/www.vmnoticias.info\/index.php?rest_route=\/wp\/v2\/media\/8217"}],"wp:attachment":[{"href":"https:\/\/www.vmnoticias.info\/index.php?rest_route=%2Fwp%2Fv2%2Fmedia&parent=8216"}],"wp:term":[{"taxonomy":"category","embeddable":true,"href":"https:\/\/www.vmnoticias.info\/index.php?rest_route=%2Fwp%2Fv2%2Fcategories&post=8216"},{"taxonomy":"post_tag","embeddable":true,"href":"https:\/\/www.vmnoticias.info\/index.php?rest_route=%2Fwp%2Fv2%2Ftags&post=8216"}],"curies":[{"name":"wp","href":"https:\/\/api.w.org\/{rel}","templated":true}]}}