{"id":8225,"date":"2025-05-20T22:13:00","date_gmt":"2025-05-21T03:13:00","guid":{"rendered":"https:\/\/www.vmnoticias.info\/?p=8225"},"modified":"2025-05-21T22:14:09","modified_gmt":"2025-05-22T03:14:09","slug":"realiza-cretam-jornada-en-el-marco-de-los-tequios-por-la-paz-y-contra-las-adicciones","status":"publish","type":"post","link":"https:\/\/www.vmnoticias.info\/?p=8225","title":{"rendered":"Realiza CRETAM jornada en el marco de los Tequios por la Paz y contra las Adicciones"},"content":{"rendered":"<p>Ciudad Victoria, Tamaulipas.\u2013 En cumplimiento a la convocatoria nacional emitida por la Direcci\u00f3n General de Educaci\u00f3n Superior para el Magisterio (DGESUM), el Centro Regional de Formaci\u00f3n Docente e Investigaci\u00f3n Educativa de Tamaulipas (CRETAM) llev\u00f3 a cabo una jornada de trabajo comunitario en la plaza del ejido San Juan y El Ranchito, del municipio de Victoria.<\/p>\n<p>La rectora del CRETAM, Amelia Castillo Mor\u00e1n, refiri\u00f3 que esta actividad form\u00f3 parte de la Jornada Nacional de Tequios por la Paz y contra las Adicciones, en la cual se realizaron labores de limpieza general, pintura de juegos infantiles, porter\u00edas y canastas de basquetbol. Asimismo, se sembraron \u00e1rboles alrededor de la plaza, los cuales fueron donados por la Secretar\u00eda de Desarrollo Urbano y Medio Ambiente (SEDUMA).<\/p>\n<p>Se\u00f1al\u00f3 que esta jornada tuvo como objetivo contribuir al fortalecimiento del tejido social, promover la convivencia pac\u00edfica y dignificar los espacios p\u00fablicos en beneficio de la comunidad.<\/p>\n<p>\u201cParticiparon integrantes del personal docente y administrativo del CRETAM, as\u00ed como habitantes del ejido, entre ellos la comisariada ejidal, la se\u00f1ora Concepci\u00f3n Montoya Delgado, entre otros pobladores\u201d, precis\u00f3.<\/p>\n<p>Resalt\u00f3 que estas acciones forman parte del compromiso institucional con la construcci\u00f3n de entornos seguros, saludables y participativos para todas y todos los tamaulipecos, acorde con la visi\u00f3n humanista y transformadora del Gobierno del Estado, bajo el liderazgo del gobernador Am\u00e9rico Villarreal Anaya y que se implementan a trav\u00e9s de las dependencias estatales, como las que forman parte del sector educativo.<\/p>\n<p>        *      *    *<\/p>\n","protected":false},"excerpt":{"rendered":"<p>Ciudad Victoria, Tamaulipas.\u2013 En cumplimiento a la convocatoria nacional emitida por la Direcci\u00f3n General de Educaci\u00f3n Superior para el Magisterio (DGESUM), el Centro Regional de Formaci\u00f3n Docente e Investigaci\u00f3n Educativa de Tamaulipas (CRETAM) llev\u00f3 a cabo una jornada de trabajo comunitario en la plaza del ejido San Juan y El Ranchito, del municipio de Victoria. [&hellip;]<\/p>\n","protected":false},"author":1,"featured_media":8226,"comment_status":"closed","ping_status":"closed","sticky":false,"template":"","format":"standard","meta":{"footnotes":""},"categories":[60],"tags":[],"class_list":["post-8225","post","type-post","status-publish","format-standard","has-post-thumbnail","hentry","category-top--2"],"_links":{"self":[{"href":"https:\/\/www.vmnoticias.info\/index.php?rest_route=\/wp\/v2\/posts\/8225","targetHints":{"allow":["GET"]}}],"collection":[{"href":"https:\/\/www.vmnoticias.info\/index.php?rest_route=\/wp\/v2\/posts"}],"about":[{"href":"https:\/\/www.vmnoticias.info\/index.php?rest_route=\/wp\/v2\/types\/post"}],"author":[{"embeddable":true,"href":"https:\/\/www.vmnoticias.info\/index.php?rest_route=\/wp\/v2\/users\/1"}],"replies":[{"embeddable":true,"href":"https:\/\/www.vmnoticias.info\/index.php?rest_route=%2Fwp%2Fv2%2Fcomments&post=8225"}],"version-history":[{"count":1,"href":"https:\/\/www.vmnoticias.info\/index.php?rest_route=\/wp\/v2\/posts\/8225\/revisions"}],"predecessor-version":[{"id":8227,"href":"https:\/\/www.vmnoticias.info\/index.php?rest_route=\/wp\/v2\/posts\/8225\/revisions\/8227"}],"wp:featuredmedia":[{"embeddable":true,"href":"https:\/\/www.vmnoticias.info\/index.php?rest_route=\/wp\/v2\/media\/8226"}],"wp:attachment":[{"href":"https:\/\/www.vmnoticias.info\/index.php?rest_route=%2Fwp%2Fv2%2Fmedia&parent=8225"}],"wp:term":[{"taxonomy":"category","embeddable":true,"href":"https:\/\/www.vmnoticias.info\/index.php?rest_route=%2Fwp%2Fv2%2Fcategories&post=8225"},{"taxonomy":"post_tag","embeddable":true,"href":"https:\/\/www.vmnoticias.info\/index.php?rest_route=%2Fwp%2Fv2%2Ftags&post=8225"}],"curies":[{"name":"wp","href":"https:\/\/api.w.org\/{rel}","templated":true}]}}