{"id":8228,"date":"2025-05-21T23:01:52","date_gmt":"2025-05-22T04:01:52","guid":{"rendered":"https:\/\/www.vmnoticias.info\/?p=8228"},"modified":"2025-05-21T23:01:53","modified_gmt":"2025-05-22T04:01:53","slug":"entrego-carlos-pena-ortiz-estimulos-economicos-a-ninos-y-jovenes-creadores","status":"publish","type":"post","link":"https:\/\/www.vmnoticias.info\/?p=8228","title":{"rendered":"Entreg\u00f3 Carlos Pe\u00f1a Ortiz est\u00edmulos econ\u00f3micos a ni\u00f1os y j\u00f3venes creadores"},"content":{"rendered":"<p> &#8211; Impulsan Becas Municipales talento y creatividad en Reynosa.<br \/>\nPor Yani Vega<br \/>\nReynosa, Tamaulipas.-El Presidente Municipal, Carlos Pe\u00f1a Ortiz, entreg\u00f3 las Tarjetas del Programa de Becas M\u00e1s Grande en la Historia de Reynosa, a ni\u00f1os y j\u00f3venes creadores de arte y cultura, que con su creatividad demuestran la vocaci\u00f3n de la ciudad como una fuente inagotable de talento. <\/p>\n<p>\u00abEstamos aqu\u00ed por el gran esfuerzo para que sus hijos se mantengan en esta disciplina y que a trav\u00e9s del arte y la cultura podamos formar mejores ciudadanos\u00bb, dijo el Alcalde acompa\u00f1ado por el Secretario de Bienestar Social, H\u00e9ctor Alejandro Olivares Zavala y por la Directora del IRCA, Mar\u00eda Esther Camargo F\u00e9lix, reconociendo la voluntad de todos los miembros del Cabildo en la aprobaci\u00f3n del Programa de Becas Municipales \u00abContamos Contigo\u00bb 2025. <\/p>\n<p>\u00abExpreso mi m\u00e1s sincero agradecimiento al Presidente Municipal Carlos Pe\u00f1a Ortiz, al Honorable Cabildo y al Instituto Reynosense para la Cultura y las Artes por darme esta oportunidad, me llena de emoci\u00f3n y entusiasmo esta Beca\u00bb, dijo Pablo Emiliano Guti\u00e9rrez Ramos como representante de los beneficiarios, en presencia del Director de Educaci\u00f3n Municipal, Eugenio Quiroz Longoria, del Regidor de la Comisi\u00f3n de Educaci\u00f3n, Arnoldo Trevi\u00f1o Azuela y de Jos\u00e9 Iram Rodr\u00edguez Lim\u00f3n, Secretario de Organizaci\u00f3n II del SNTE Secci\u00f3n 30. <\/p>\n<p>#ReynosaImparable<br \/>\n#GobiernoMunicipalDeReynosa<\/p>\n","protected":false},"excerpt":{"rendered":"<p>&#8211; Impulsan Becas Municipales talento y creatividad en Reynosa. Por Yani Vega Reynosa, Tamaulipas.-El Presidente Municipal, Carlos Pe\u00f1a Ortiz, entreg\u00f3 las Tarjetas del Programa de Becas M\u00e1s Grande en la Historia de Reynosa, a ni\u00f1os y j\u00f3venes creadores de arte y cultura, que con su creatividad demuestran la vocaci\u00f3n de la ciudad como una fuente [&hellip;]<\/p>\n","protected":false},"author":1,"featured_media":8229,"comment_status":"closed","ping_status":"closed","sticky":false,"template":"","format":"standard","meta":{"footnotes":""},"categories":[58],"tags":[],"class_list":["post-8228","post","type-post","status-publish","format-standard","has-post-thumbnail","hentry","category-top-"],"_links":{"self":[{"href":"https:\/\/www.vmnoticias.info\/index.php?rest_route=\/wp\/v2\/posts\/8228","targetHints":{"allow":["GET"]}}],"collection":[{"href":"https:\/\/www.vmnoticias.info\/index.php?rest_route=\/wp\/v2\/posts"}],"about":[{"href":"https:\/\/www.vmnoticias.info\/index.php?rest_route=\/wp\/v2\/types\/post"}],"author":[{"embeddable":true,"href":"https:\/\/www.vmnoticias.info\/index.php?rest_route=\/wp\/v2\/users\/1"}],"replies":[{"embeddable":true,"href":"https:\/\/www.vmnoticias.info\/index.php?rest_route=%2Fwp%2Fv2%2Fcomments&post=8228"}],"version-history":[{"count":1,"href":"https:\/\/www.vmnoticias.info\/index.php?rest_route=\/wp\/v2\/posts\/8228\/revisions"}],"predecessor-version":[{"id":8230,"href":"https:\/\/www.vmnoticias.info\/index.php?rest_route=\/wp\/v2\/posts\/8228\/revisions\/8230"}],"wp:featuredmedia":[{"embeddable":true,"href":"https:\/\/www.vmnoticias.info\/index.php?rest_route=\/wp\/v2\/media\/8229"}],"wp:attachment":[{"href":"https:\/\/www.vmnoticias.info\/index.php?rest_route=%2Fwp%2Fv2%2Fmedia&parent=8228"}],"wp:term":[{"taxonomy":"category","embeddable":true,"href":"https:\/\/www.vmnoticias.info\/index.php?rest_route=%2Fwp%2Fv2%2Fcategories&post=8228"},{"taxonomy":"post_tag","embeddable":true,"href":"https:\/\/www.vmnoticias.info\/index.php?rest_route=%2Fwp%2Fv2%2Ftags&post=8228"}],"curies":[{"name":"wp","href":"https:\/\/api.w.org\/{rel}","templated":true}]}}