{"id":8257,"date":"2025-05-21T19:27:00","date_gmt":"2025-05-22T00:27:00","guid":{"rendered":"https:\/\/www.vmnoticias.info\/?p=8257"},"modified":"2025-05-27T19:29:19","modified_gmt":"2025-05-28T00:29:19","slug":"recibe-la-uat-a-miles-de-jovenes-en-el-examen-de-admision-exani-ii","status":"publish","type":"post","link":"https:\/\/www.vmnoticias.info\/?p=8257","title":{"rendered":"Recibe la UAT a miles de j\u00f3venes en el examen de admisi\u00f3n EXANI-II"},"content":{"rendered":"<p>Por Deyanira Vega<br \/>\nCiudad Victoria, Tam.-La Universidad Aut\u00f3noma de Tamaulipas (UAT) dio la bienvenida a miles de j\u00f3venes aspirantes que presentaron el Examen General de Ingreso a Licenciatura (EXANI-II), demostrando su entusiasmo por formar parte de la m\u00e1xima casa de estudios en el pr\u00f3ximo per\u00edodo escolar que dar\u00e1 inicio en agosto.<br \/>\nCon base en la convocatoria del proceso de admisi\u00f3n Oto\u00f1o 2025 (per\u00edodo 2025-3, de agosto a diciembre), la UAT llev\u00f3 a cabo con \u00e9xito la tercera jornada de aplicaci\u00f3n del EXANI-II del Centro Nacional de Evaluaci\u00f3n para la Educaci\u00f3n Superior (CENEVAL), el cual registr\u00f3 una amplia participaci\u00f3n de aspirantes en sus diversas sedes acad\u00e9micas distribuidas a lo largo del estado.<br \/>\nLa destacada respuesta de aspirantes registrada durante esta jornada reafirma la ruta de crecimiento que ha marcado el rector D\u00e1maso Anaya Alvarado, a trav\u00e9s de una pol\u00edtica educativa orientada a fortalecer la cobertura acad\u00e9mica y a responder con oportunidad a la creciente demanda de ingreso a la Universidad.<br \/>\nEl examen fue aplicado de manera simult\u00e1nea en dieciocho facultades y unidades acad\u00e9micas, ubicadas en las zonas centro, sur y norte del estado, lo que permiti\u00f3 brindar una atenci\u00f3n eficiente a miles de j\u00f3venes interesados en formar parte de la comunidad universitaria.<br \/>\nEl proceso cont\u00f3 con la presencia de representantes del CENEVAL, as\u00ed como de autoridades universitarias responsables del proceso de admisi\u00f3n, quienes han trabajado de manera coordinada y colegiada para asegurar un procedimiento transparente y de calidad.<br \/>\nDurante esta jornada, la UAT dio la bienvenida a las y los aspirantes, reconociendo su esfuerzo y dese\u00e1ndoles el mayor de los \u00e9xitos en esta etapa fundamental de su trayectoria acad\u00e9mica.<br \/>\nComo parte de las estrategias para ampliar el acceso a la educaci\u00f3n superior, la Universidad anunci\u00f3 una cuarta jornada de aplicaci\u00f3n del EXANI-II, programada para el 15 de julio de 2025, lo que permitir\u00e1 a m\u00e1s j\u00f3venes presentar su evaluaci\u00f3n de ingreso.<br \/>\n2 \/ 2<br \/>\nAsimismo, la UAT ha extendido el plazo de registro para el proceso de admisi\u00f3n 2025-3 hasta el 20 de junio, ofreciendo una oportunidad adicional a quienes deseen iniciar su formaci\u00f3n profesional en la UAT.<\/p>\n","protected":false},"excerpt":{"rendered":"<p>Por Deyanira Vega Ciudad Victoria, Tam.-La Universidad Aut\u00f3noma de Tamaulipas (UAT) dio la bienvenida a miles de j\u00f3venes aspirantes que presentaron el Examen General de Ingreso a Licenciatura (EXANI-II), demostrando su entusiasmo por formar parte de la m\u00e1xima casa de estudios en el pr\u00f3ximo per\u00edodo escolar que dar\u00e1 inicio en agosto. Con base en la [&hellip;]<\/p>\n","protected":false},"author":1,"featured_media":8258,"comment_status":"closed","ping_status":"closed","sticky":false,"template":"","format":"standard","meta":{"footnotes":""},"categories":[59],"tags":[],"class_list":["post-8257","post","type-post","status-publish","format-standard","has-post-thumbnail","hentry","category-boletines"],"_links":{"self":[{"href":"https:\/\/www.vmnoticias.info\/index.php?rest_route=\/wp\/v2\/posts\/8257","targetHints":{"allow":["GET"]}}],"collection":[{"href":"https:\/\/www.vmnoticias.info\/index.php?rest_route=\/wp\/v2\/posts"}],"about":[{"href":"https:\/\/www.vmnoticias.info\/index.php?rest_route=\/wp\/v2\/types\/post"}],"author":[{"embeddable":true,"href":"https:\/\/www.vmnoticias.info\/index.php?rest_route=\/wp\/v2\/users\/1"}],"replies":[{"embeddable":true,"href":"https:\/\/www.vmnoticias.info\/index.php?rest_route=%2Fwp%2Fv2%2Fcomments&post=8257"}],"version-history":[{"count":1,"href":"https:\/\/www.vmnoticias.info\/index.php?rest_route=\/wp\/v2\/posts\/8257\/revisions"}],"predecessor-version":[{"id":8259,"href":"https:\/\/www.vmnoticias.info\/index.php?rest_route=\/wp\/v2\/posts\/8257\/revisions\/8259"}],"wp:featuredmedia":[{"embeddable":true,"href":"https:\/\/www.vmnoticias.info\/index.php?rest_route=\/wp\/v2\/media\/8258"}],"wp:attachment":[{"href":"https:\/\/www.vmnoticias.info\/index.php?rest_route=%2Fwp%2Fv2%2Fmedia&parent=8257"}],"wp:term":[{"taxonomy":"category","embeddable":true,"href":"https:\/\/www.vmnoticias.info\/index.php?rest_route=%2Fwp%2Fv2%2Fcategories&post=8257"},{"taxonomy":"post_tag","embeddable":true,"href":"https:\/\/www.vmnoticias.info\/index.php?rest_route=%2Fwp%2Fv2%2Ftags&post=8257"}],"curies":[{"name":"wp","href":"https:\/\/api.w.org\/{rel}","templated":true}]}}