{"id":8274,"date":"2025-05-26T19:39:00","date_gmt":"2025-05-27T00:39:00","guid":{"rendered":"https:\/\/www.vmnoticias.info\/?p=8274"},"modified":"2025-05-27T19:41:07","modified_gmt":"2025-05-28T00:41:07","slug":"anuncia-la-uat-proceso-de-reinscripciones-para-el-ciclo-de-verano-2025","status":"publish","type":"post","link":"https:\/\/www.vmnoticias.info\/?p=8274","title":{"rendered":"Anuncia la UAT proceso de reinscripciones para el ciclo de verano 2025"},"content":{"rendered":"<p>Por Deyanira Vega<br \/>\nCiudad Victoria, Tam.-La Universidad Aut\u00f3noma de Tamaulipas (UAT) dio a conocer que a partir del 29 de mayo dar\u00e1 inicio el proceso de reinscripciones correspondiente al ciclo escolar Verano 2025 (2025-2), con el objetivo de brindar a las y los estudiantes la oportunidad de avanzar en su trayectoria acad\u00e9mica durante este periodo intersemestral.<br \/>\nEl periodo de reinscripci\u00f3n permanecer\u00e1 abierto hasta el 6 de junio, y podr\u00e1 realizarse a trav\u00e9s de los canales institucionales de la UAT y sus respectivas dependencias acad\u00e9micas.<br \/>\nEn seguimiento a las directrices de fortalecimiento acad\u00e9mico impulsadas por el rector D\u00e1maso Anaya Alvarado, este ciclo de verano ha sido dise\u00f1ado como una alternativa flexible, permitiendo a la comunidad estudiantil regularizar materias o adelantar contenidos curriculares, de manera eficiente y acorde a sus necesidades.<br \/>\nDe acuerdo con el calendario escolar-administrativo oficial, el periodo de clases del ciclo Verano 2025 dar\u00e1 inicio el pr\u00f3ximo lunes 2 de junio. Entre las fechas relevantes se contempla del 9 al 13 de junio para altas y bajas de materias; el 16 de junio como l\u00edmite para la realizaci\u00f3n de pagos; y los d\u00edas 16 y 17 de julio para las evaluaciones finales ordinarias. El cierre oficial del ciclo de verano ser\u00e1 el 18 de julio, con la entrega de actas de evaluaci\u00f3n.<br \/>\nEste anuncio se emite tras la conclusi\u00f3n del ciclo Primavera 2025, el cual finaliz\u00f3 el pasado 16 de mayo. Las evaluaciones extraordinarias se llevaron a cabo entre el 19 y el 23 de mayo, marcando as\u00ed un cierre del periodo anterior y la transici\u00f3n hacia el nuevo ciclo acad\u00e9mico.<br \/>\nDe forma paralela, la UAT desarrolla tambi\u00e9n los procesos de admisi\u00f3n para el ciclo Oto\u00f1o 2025. En ese contexto, se tiene programada la cuarta aplicaci\u00f3n del examen de admisi\u00f3n EXANI-II del CENEVAL para el 15 de julio, sum\u00e1ndose a las tres aplicaciones previas realizadas.<br \/>\nEn lo que corresponde al per\u00edodo Oto\u00f1o 2025, se ha ampliado el plazo de registro para aspirantes hasta el 20 de junio.<br \/>\n2 \/ 2<br \/>\nLa UAT invita a su comunidad estudiantil para que se mantenga atenta a los canales oficiales de la instituci\u00f3n, as\u00ed como a las p\u00e1ginas de sus facultades, unidades acad\u00e9micas y escuelas, para consultar informaci\u00f3n actualizada sobre procedimientos, requisitos, horarios y oferta acad\u00e9mica disponible para cada uno de los ciclos escolares.<\/p>\n","protected":false},"excerpt":{"rendered":"<p>Por Deyanira Vega Ciudad Victoria, Tam.-La Universidad Aut\u00f3noma de Tamaulipas (UAT) dio a conocer que a partir del 29 de mayo dar\u00e1 inicio el proceso de reinscripciones correspondiente al ciclo escolar Verano 2025 (2025-2), con el objetivo de brindar a las y los estudiantes la oportunidad de avanzar en su trayectoria acad\u00e9mica durante este periodo [&hellip;]<\/p>\n","protected":false},"author":1,"featured_media":8275,"comment_status":"closed","ping_status":"closed","sticky":false,"template":"","format":"standard","meta":{"footnotes":""},"categories":[59],"tags":[],"class_list":["post-8274","post","type-post","status-publish","format-standard","has-post-thumbnail","hentry","category-boletines"],"_links":{"self":[{"href":"https:\/\/www.vmnoticias.info\/index.php?rest_route=\/wp\/v2\/posts\/8274","targetHints":{"allow":["GET"]}}],"collection":[{"href":"https:\/\/www.vmnoticias.info\/index.php?rest_route=\/wp\/v2\/posts"}],"about":[{"href":"https:\/\/www.vmnoticias.info\/index.php?rest_route=\/wp\/v2\/types\/post"}],"author":[{"embeddable":true,"href":"https:\/\/www.vmnoticias.info\/index.php?rest_route=\/wp\/v2\/users\/1"}],"replies":[{"embeddable":true,"href":"https:\/\/www.vmnoticias.info\/index.php?rest_route=%2Fwp%2Fv2%2Fcomments&post=8274"}],"version-history":[{"count":1,"href":"https:\/\/www.vmnoticias.info\/index.php?rest_route=\/wp\/v2\/posts\/8274\/revisions"}],"predecessor-version":[{"id":8276,"href":"https:\/\/www.vmnoticias.info\/index.php?rest_route=\/wp\/v2\/posts\/8274\/revisions\/8276"}],"wp:featuredmedia":[{"embeddable":true,"href":"https:\/\/www.vmnoticias.info\/index.php?rest_route=\/wp\/v2\/media\/8275"}],"wp:attachment":[{"href":"https:\/\/www.vmnoticias.info\/index.php?rest_route=%2Fwp%2Fv2%2Fmedia&parent=8274"}],"wp:term":[{"taxonomy":"category","embeddable":true,"href":"https:\/\/www.vmnoticias.info\/index.php?rest_route=%2Fwp%2Fv2%2Fcategories&post=8274"},{"taxonomy":"post_tag","embeddable":true,"href":"https:\/\/www.vmnoticias.info\/index.php?rest_route=%2Fwp%2Fv2%2Ftags&post=8274"}],"curies":[{"name":"wp","href":"https:\/\/api.w.org\/{rel}","templated":true}]}}