{"id":852,"date":"2022-01-03T10:01:42","date_gmt":"2022-01-03T16:01:42","guid":{"rendered":"https:\/\/www.vmnoticias.info\/?p=852"},"modified":"2022-01-03T10:01:42","modified_gmt":"2022-01-03T16:01:42","slug":"brinda-gobierno-calida-atencion-a-poblacion-sin-hogar","status":"publish","type":"post","link":"https:\/\/www.vmnoticias.info\/?p=852","title":{"rendered":"Brinda gobierno  c\u00e1lida atenci\u00f3n a poblaci\u00f3n sin hogar"},"content":{"rendered":"<p>Por Yani Vega Mar\u00edn<\/p>\n<p><img loading=\"lazy\" decoding=\"async\" class=\"alignright size-large wp-image-853\" src=\"http:\/\/www.vmnoticias.info\/wp-content\/uploads\/2022\/01\/IMG-20220103-WA0005-1024x768.jpg\" alt=\"\" width=\"640\" height=\"480\" srcset=\"https:\/\/www.vmnoticias.info\/wp-content\/uploads\/2022\/01\/IMG-20220103-WA0005-1024x768.jpg 1024w, https:\/\/www.vmnoticias.info\/wp-content\/uploads\/2022\/01\/IMG-20220103-WA0005-300x225.jpg 300w, https:\/\/www.vmnoticias.info\/wp-content\/uploads\/2022\/01\/IMG-20220103-WA0005-768x576.jpg 768w, https:\/\/www.vmnoticias.info\/wp-content\/uploads\/2022\/01\/IMG-20220103-WA0005-1536x1152.jpg 1536w, https:\/\/www.vmnoticias.info\/wp-content\/uploads\/2022\/01\/IMG-20220103-WA0005-400x300.jpg 400w, https:\/\/www.vmnoticias.info\/wp-content\/uploads\/2022\/01\/IMG-20220103-WA0005-136x102.jpg 136w, https:\/\/www.vmnoticias.info\/wp-content\/uploads\/2022\/01\/IMG-20220103-WA0005-800x600.jpg 800w, https:\/\/www.vmnoticias.info\/wp-content\/uploads\/2022\/01\/IMG-20220103-WA0005.jpg 1600w\" sizes=\"auto, (max-width: 640px) 100vw, 640px\" \/><img loading=\"lazy\" decoding=\"async\" class=\"alignright size-large wp-image-853\" src=\"http:\/\/www.vmnoticias.info\/wp-content\/uploads\/2022\/01\/IMG-20220103-WA0005-1024x768.jpg\" alt=\"\" width=\"640\" height=\"480\" srcset=\"https:\/\/www.vmnoticias.info\/wp-content\/uploads\/2022\/01\/IMG-20220103-WA0005-1024x768.jpg 1024w, https:\/\/www.vmnoticias.info\/wp-content\/uploads\/2022\/01\/IMG-20220103-WA0005-300x225.jpg 300w, https:\/\/www.vmnoticias.info\/wp-content\/uploads\/2022\/01\/IMG-20220103-WA0005-768x576.jpg 768w, https:\/\/www.vmnoticias.info\/wp-content\/uploads\/2022\/01\/IMG-20220103-WA0005-1536x1152.jpg 1536w, https:\/\/www.vmnoticias.info\/wp-content\/uploads\/2022\/01\/IMG-20220103-WA0005-400x300.jpg 400w, https:\/\/www.vmnoticias.info\/wp-content\/uploads\/2022\/01\/IMG-20220103-WA0005-136x102.jpg 136w, https:\/\/www.vmnoticias.info\/wp-content\/uploads\/2022\/01\/IMG-20220103-WA0005-800x600.jpg 800w, https:\/\/www.vmnoticias.info\/wp-content\/uploads\/2022\/01\/IMG-20220103-WA0005.jpg 1600w\" sizes=\"auto, (max-width: 640px) 100vw, 640px\" \/><\/p>\n<p>Reynosa, Tamaulipas. -El Operativo Carrusel habilitado por el Alcalde, Carlos Pe\u00f1a Ortiz, y que inici\u00f3 la noche de este domingo 2 de enero detect\u00f3 25 personas en situaci\u00f3n vulnerable, 17 masculinos, 6 f\u00e9minas y 2 menores de edad que fueron invitados por la Coordinaci\u00f3n de Protecci\u00f3n Civil y Bomberos a un refugio seguro para brindarles una c\u00e1lida atenci\u00f3n y evitar riegos a la salud por las bajas temperaturas.<\/p>\n<p>El recorrido se efectu\u00f3 por calles c\u00e9ntricas, colonias y sitios donde se conoce de la asistencia de gente sin hogar.<\/p>\n<p>De las personas atendidas con bebidas calientes, pan y colchas para el fr\u00edo durante noche y madrugada, s\u00f3lo 2 aceptaron el traslado al refugio temporal del Polideportivo Reynosa, un invidente de 40 a\u00f1os de edad originario del estado de Michoac\u00e1n y otro masculino quienes fueron auscultados por Param\u00e9dicos y se les proporcion\u00f3 alimentaci\u00f3n por parte del Sistema DIF local.<\/p>\n<p>El Presidente Carlos Pe\u00f1a Ortiz reitera el apoyo de su Gobierno a la poblaci\u00f3n y recomienda tomar medidas precautorias en vista del pron\u00f3stico del Servicio Meteorol\u00f3gico Nacional, que indica seguir\u00e1n temperaturas bajas alrededor de los 7 a 14 Cent\u00edgrados durante este lunes 3 de enero, con hasta los 10 Grados Celsius por la noche, a la madrugada del martes 4 de enero.<\/p>\n","protected":false},"excerpt":{"rendered":"<p>Por Yani Vega Mar\u00edn Reynosa, Tamaulipas. -El Operativo Carrusel habilitado por el Alcalde, Carlos Pe\u00f1a Ortiz, y que inici\u00f3 la noche de este domingo 2 de enero detect\u00f3 25 personas en situaci\u00f3n vulnerable, 17 masculinos, 6 f\u00e9minas y 2 menores de edad que fueron invitados por la Coordinaci\u00f3n de Protecci\u00f3n Civil y Bomberos a un [&hellip;]<\/p>\n","protected":false},"author":1,"featured_media":854,"comment_status":"open","ping_status":"open","sticky":false,"template":"","format":"standard","meta":{"footnotes":""},"categories":[45],"tags":[],"class_list":["post-852","post","type-post","status-publish","format-standard","has-post-thumbnail","hentry","category-importante"],"_links":{"self":[{"href":"https:\/\/www.vmnoticias.info\/index.php?rest_route=\/wp\/v2\/posts\/852","targetHints":{"allow":["GET"]}}],"collection":[{"href":"https:\/\/www.vmnoticias.info\/index.php?rest_route=\/wp\/v2\/posts"}],"about":[{"href":"https:\/\/www.vmnoticias.info\/index.php?rest_route=\/wp\/v2\/types\/post"}],"author":[{"embeddable":true,"href":"https:\/\/www.vmnoticias.info\/index.php?rest_route=\/wp\/v2\/users\/1"}],"replies":[{"embeddable":true,"href":"https:\/\/www.vmnoticias.info\/index.php?rest_route=%2Fwp%2Fv2%2Fcomments&post=852"}],"version-history":[{"count":0,"href":"https:\/\/www.vmnoticias.info\/index.php?rest_route=\/wp\/v2\/posts\/852\/revisions"}],"wp:featuredmedia":[{"embeddable":true,"href":"https:\/\/www.vmnoticias.info\/index.php?rest_route=\/wp\/v2\/media\/854"}],"wp:attachment":[{"href":"https:\/\/www.vmnoticias.info\/index.php?rest_route=%2Fwp%2Fv2%2Fmedia&parent=852"}],"wp:term":[{"taxonomy":"category","embeddable":true,"href":"https:\/\/www.vmnoticias.info\/index.php?rest_route=%2Fwp%2Fv2%2Fcategories&post=852"},{"taxonomy":"post_tag","embeddable":true,"href":"https:\/\/www.vmnoticias.info\/index.php?rest_route=%2Fwp%2Fv2%2Ftags&post=852"}],"curies":[{"name":"wp","href":"https:\/\/api.w.org\/{rel}","templated":true}]}}