{"id":9149,"date":"2025-11-13T22:44:00","date_gmt":"2025-11-14T04:44:00","guid":{"rendered":"https:\/\/www.vmnoticias.info\/?p=9149"},"modified":"2025-11-20T22:50:21","modified_gmt":"2025-11-21T04:50:21","slug":"iniciaron-las-actividades-del-festival-tamaulipas-lee-en-su-segunda-sede-reynosa","status":"publish","type":"post","link":"https:\/\/www.vmnoticias.info\/?p=9149","title":{"rendered":"Iniciaron las actividades del Festival Tamaulipas LEE en su segunda sede, Reynosa"},"content":{"rendered":"<p>El ITCA y el Parque Cultural Reynosa celebran el talento literario tamaulipeco con la participaci\u00f3n del poeta originario de Xicot\u00e9ncatl<\/p>\n<p>Reynosa, Tamaulipas.\u2013 El Gobierno del Estado de Tamaulipas, a trav\u00e9s de la Secretar\u00eda de Bienestar Social, el Instituto Tamaulipeco para la Cultura y las Artes (ITCA) y el Centro de Arte y Cultura del Parque Cultural Reynosa, iniciaron las actividades del Festival Tamaulipas LEE en su segunda sede, Reynosa; brindando un espacio dise\u00f1ado para promover y reconocer lo mejor de las letras en la entidad.<\/p>\n<p>La jornada inaugural se llev\u00f3 a cabo el mi\u00e9rcoles 12 de noviembre en el Parque Cultural Reynosa, con el Recital Literario \u201cR\u00edo Guayalejo\u201d del poeta Baudelio Camarillo, quien comparti\u00f3 con el p\u00fablico lecturas de su propia obra, evocando los paisajes y emociones que han marcado su trayectoria.<\/p>\n<p>El evento fue encabezado por el maestro H\u00e9ctor Romero-Lecanda, director general del ITCA, quien en su mensaje destac\u00f3 el compromiso del gobernador Am\u00e9rico Villarreal Anaya con el derecho de todas y todos los tamaulipecos a ser parte activa de la cultura escrita.<\/p>\n<p>\u201cGarantizar el derecho de las tamaulipecas y tamaulipecos a ser parte activa de la cultura escrita es uno de los principales compromisos del gobernador del Estado de Tamaulipas, el doctor Am\u00e9rico Villarreal y sobre este principio nace Tamaulipas LEE, el Programa de Fomento a la Lectura, Escritura y Expresi\u00f3n oral\u201d, expres\u00f3 Romero-Lecanda.<\/p>\n<p>Durante su intervenci\u00f3n, record\u00f3 adem\u00e1s el legado de autoras y autores tamaulipecos que este a\u00f1o adquirieron un significado especial tras su deceso: Orlando Ortiz, Gloria Riestra, Martha Ch\u00e1vez Padr\u00f3n, Altair Tejeda y Zorina Medrano Jim\u00e9nez, a quienes rindi\u00f3 homenaje por su contribuci\u00f3n a las letras del estado.<\/p>\n<p>Baudelio Camarillo, originario de Xicot\u00e9ncatl, Tamaulipas, es ganador del Premio Nacional de Poes\u00eda Aguascalientes 1993 y becario del Sistema Nacional de Creadores de Arte desde 2023. Su destacada trayectoria incluye el Premio Estatal y Nacional de Poes\u00eda Joven del CREA (1987) y el Premio Nacional de Poes\u00eda Efra\u00edn Huerta (2004). El p\u00fablico reynosense disfrut\u00f3 de una jornada que abri\u00f3 paso a varias actividades literarios en torno al Festival.<\/p>\n","protected":false},"excerpt":{"rendered":"<p>El ITCA y el Parque Cultural Reynosa celebran el talento literario tamaulipeco con la participaci\u00f3n del poeta originario de Xicot\u00e9ncatl Reynosa, Tamaulipas.\u2013 El Gobierno del Estado de Tamaulipas, a trav\u00e9s de la Secretar\u00eda de Bienestar Social, el Instituto Tamaulipeco para la Cultura y las Artes (ITCA) y el Centro de Arte y Cultura del Parque [&hellip;]<\/p>\n","protected":false},"author":1,"featured_media":9151,"comment_status":"closed","ping_status":"closed","sticky":false,"template":"","format":"standard","meta":{"footnotes":""},"categories":[60],"tags":[],"class_list":["post-9149","post","type-post","status-publish","format-standard","has-post-thumbnail","hentry","category-top--2"],"_links":{"self":[{"href":"https:\/\/www.vmnoticias.info\/index.php?rest_route=\/wp\/v2\/posts\/9149","targetHints":{"allow":["GET"]}}],"collection":[{"href":"https:\/\/www.vmnoticias.info\/index.php?rest_route=\/wp\/v2\/posts"}],"about":[{"href":"https:\/\/www.vmnoticias.info\/index.php?rest_route=\/wp\/v2\/types\/post"}],"author":[{"embeddable":true,"href":"https:\/\/www.vmnoticias.info\/index.php?rest_route=\/wp\/v2\/users\/1"}],"replies":[{"embeddable":true,"href":"https:\/\/www.vmnoticias.info\/index.php?rest_route=%2Fwp%2Fv2%2Fcomments&post=9149"}],"version-history":[{"count":1,"href":"https:\/\/www.vmnoticias.info\/index.php?rest_route=\/wp\/v2\/posts\/9149\/revisions"}],"predecessor-version":[{"id":9152,"href":"https:\/\/www.vmnoticias.info\/index.php?rest_route=\/wp\/v2\/posts\/9149\/revisions\/9152"}],"wp:featuredmedia":[{"embeddable":true,"href":"https:\/\/www.vmnoticias.info\/index.php?rest_route=\/wp\/v2\/media\/9151"}],"wp:attachment":[{"href":"https:\/\/www.vmnoticias.info\/index.php?rest_route=%2Fwp%2Fv2%2Fmedia&parent=9149"}],"wp:term":[{"taxonomy":"category","embeddable":true,"href":"https:\/\/www.vmnoticias.info\/index.php?rest_route=%2Fwp%2Fv2%2Fcategories&post=9149"},{"taxonomy":"post_tag","embeddable":true,"href":"https:\/\/www.vmnoticias.info\/index.php?rest_route=%2Fwp%2Fv2%2Ftags&post=9149"}],"curies":[{"name":"wp","href":"https:\/\/api.w.org\/{rel}","templated":true}]}}