{"id":9158,"date":"2025-11-11T23:53:00","date_gmt":"2025-11-12T05:53:00","guid":{"rendered":"https:\/\/www.vmnoticias.info\/?p=9158"},"modified":"2025-11-20T23:57:28","modified_gmt":"2025-11-21T05:57:28","slug":"se-inauguro-el-primer-centro-de-valoracion-de-la-discapacidad-y-expedicion-del-certificado-electronico-de-discapacidad","status":"publish","type":"post","link":"https:\/\/www.vmnoticias.info\/?p=9158","title":{"rendered":"Se inaugur\u00f3 el primer Centro de Valoraci\u00f3n de la Discapacidad y Expedici\u00f3n del Certificado Electr\u00f3nico de Discapacidad"},"content":{"rendered":"<p>Ahora se expedir\u00e1 el Certificado Electr\u00f3nico de Discapacidad, a las personas con alguna condici\u00f3n f\u00edsica, lo que les permitir\u00e1 acceder r\u00e1pido a programas sociales, apoyos del DIF, a servicios de rehabilitaci\u00f3n y oportunidades laborales, entre otras.<\/p>\n<p>Ciudad Victoria, Tamaulipas.- Para optimizar los procesos de validaci\u00f3n y promover el ejercicio pleno de los derechos de las personas con discapacidad, la Secretar\u00eda de Salud de Tamaulipas inaugur\u00f3 el primer Centro de Valoraci\u00f3n de la Discapacidad y Expedici\u00f3n del Certificado Electr\u00f3nico de Discapacidad, en el Hospital General \u201cDr. Norberto Trevi\u00f1o Zapata\u201d de esta ciudad.<\/p>\n<p>En representaci\u00f3n del titular de la dependencia estatal, Vicente Joel Hern\u00e1ndez Navarro, la directora General de Planeaci\u00f3n y Desarrollo del Sector Salud, Loyda Ram\u00edrez L\u00f3pez, acompa\u00f1ada por la autoridad federal, Manuel Y\u00e1\u00f1ez Hern\u00e1ndez, dieron la apertura a esta nueva \u00e1rea que marca un avance significativo, un precedente para la salud p\u00fablica y la inclusi\u00f3n en el estado.<\/p>\n<p>\u201cEn este centro, se expedir\u00e1 el Certificado Electr\u00f3nico de Discapacidad, un instrumento que permitir\u00e1 a las personas con alguna condici\u00f3n f\u00edsica, acceder con mayor facilidad a programas sociales, apoyos del Sistema para el Desarrollo Integral de la Familia (DIF) a servicios de rehabilitaci\u00f3n y oportunidades laborales, as\u00ed como aporta informaci\u00f3n valiosa para la planeaci\u00f3n de pol\u00edticas p\u00fablicas m\u00e1s justas y efectivas\u201d, dijo Ram\u00edrez L\u00f3pez durante su discurso.<\/p>\n<p>Con la apertura del Centro de Valoraci\u00f3n, se unificar\u00e1n los criterios de certificaci\u00f3n de la discapacidad en todo el pa\u00eds, garantizando que los certificados emitidos tengan validez oficial y reconocimiento nacional sin importar la entidad federativa o instituci\u00f3n de salud donde se expidan.<\/p>\n<p>\u201cLa planeaci\u00f3n, la infraestructura adecuada y la capacitaci\u00f3n del personal, son los pilares de un sistema de salud moderno e incluyente, as\u00ed como del compromiso del gobierno humanista del doctor Am\u00e9rico Villarreal Anaya, que sirve a la poblaci\u00f3n que m\u00e1s lo necesita\u201d, destac\u00f3 la funcionaria de la Secretar\u00eda de Salud.<\/p>\n<p>Cabe mencionar que para que esta unidad hospitalaria cuente con este Centro de Valoraci\u00f3n para la emisi\u00f3n del Certificado Electr\u00f3nico de Discapacidad, se realizaron adecuaciones a la infraestructura, se adquiri\u00f3 equipo necesario y se capacit\u00f3 al personal para su certificaci\u00f3n, lo que garantiz\u00f3 el cumplimento de los criterios establecidos en la Norma Oficial Mexicana NOM-039-SSA-2023, para su acreditaci\u00f3n.<\/p>\n<p>Al evento protocolario asisti\u00f3 la secretaria de Bienestar Social, Silvia Casas Gonz\u00e1lez; el coordinador estatal del IMSS Bienestar, Marggid Antonio Rodr\u00edguez Avenda\u00f1o; el director de Promoci\u00f3n de la Salud, Rembrandt Reyes N\u00e1jera; y el director del Hospital General de Victoria, Guillermo Eduardo Casta\u00f1eda Guti\u00e9rrez; as\u00ed como los representantes del IMSS Ordinario, ISSSTE y del Centro de Rehabilitaci\u00f3n y Educaci\u00f3n Especial (CREE).<\/p>\n","protected":false},"excerpt":{"rendered":"<p>Ahora se expedir\u00e1 el Certificado Electr\u00f3nico de Discapacidad, a las personas con alguna condici\u00f3n f\u00edsica, lo que les permitir\u00e1 acceder r\u00e1pido a programas sociales, apoyos del DIF, a servicios de rehabilitaci\u00f3n y oportunidades laborales, entre otras. Ciudad Victoria, Tamaulipas.- Para optimizar los procesos de validaci\u00f3n y promover el ejercicio pleno de los derechos de las [&hellip;]<\/p>\n","protected":false},"author":1,"featured_media":9159,"comment_status":"closed","ping_status":"closed","sticky":false,"template":"","format":"standard","meta":{"footnotes":""},"categories":[60],"tags":[],"class_list":["post-9158","post","type-post","status-publish","format-standard","has-post-thumbnail","hentry","category-top--2"],"_links":{"self":[{"href":"https:\/\/www.vmnoticias.info\/index.php?rest_route=\/wp\/v2\/posts\/9158","targetHints":{"allow":["GET"]}}],"collection":[{"href":"https:\/\/www.vmnoticias.info\/index.php?rest_route=\/wp\/v2\/posts"}],"about":[{"href":"https:\/\/www.vmnoticias.info\/index.php?rest_route=\/wp\/v2\/types\/post"}],"author":[{"embeddable":true,"href":"https:\/\/www.vmnoticias.info\/index.php?rest_route=\/wp\/v2\/users\/1"}],"replies":[{"embeddable":true,"href":"https:\/\/www.vmnoticias.info\/index.php?rest_route=%2Fwp%2Fv2%2Fcomments&post=9158"}],"version-history":[{"count":1,"href":"https:\/\/www.vmnoticias.info\/index.php?rest_route=\/wp\/v2\/posts\/9158\/revisions"}],"predecessor-version":[{"id":9160,"href":"https:\/\/www.vmnoticias.info\/index.php?rest_route=\/wp\/v2\/posts\/9158\/revisions\/9160"}],"wp:featuredmedia":[{"embeddable":true,"href":"https:\/\/www.vmnoticias.info\/index.php?rest_route=\/wp\/v2\/media\/9159"}],"wp:attachment":[{"href":"https:\/\/www.vmnoticias.info\/index.php?rest_route=%2Fwp%2Fv2%2Fmedia&parent=9158"}],"wp:term":[{"taxonomy":"category","embeddable":true,"href":"https:\/\/www.vmnoticias.info\/index.php?rest_route=%2Fwp%2Fv2%2Fcategories&post=9158"},{"taxonomy":"post_tag","embeddable":true,"href":"https:\/\/www.vmnoticias.info\/index.php?rest_route=%2Fwp%2Fv2%2Ftags&post=9158"}],"curies":[{"name":"wp","href":"https:\/\/api.w.org\/{rel}","templated":true}]}}