{"id":9164,"date":"2025-11-09T23:59:00","date_gmt":"2025-11-10T05:59:00","guid":{"rendered":"https:\/\/www.vmnoticias.info\/?p=9164"},"modified":"2025-11-21T00:02:15","modified_gmt":"2025-11-21T06:02:15","slug":"inaugura-itea-plaza-comunitaria-en-nuevo-laredo","status":"publish","type":"post","link":"https:\/\/www.vmnoticias.info\/?p=9164","title":{"rendered":"Inaugura ITEA plaza comunitaria en Nuevo Laredo"},"content":{"rendered":"<p>Nuevo Laredo, Tamaulipas.\u2013 En las instalaciones de la Secundaria T\u00e9cnica No. 79, se inaugur\u00f3 una nueva plaza comunitaria por parte del Instituto Tamaulipeco de Educaci\u00f3n para Adultos (ITEA), la cual atender\u00e1 a personas mayores de 15 a\u00f1os que no hayan concluido su educaci\u00f3n b\u00e1sica en esta zona.<\/p>\n<p>Gloria Guadalupe Gonz\u00e1lez Gonz\u00e1lez, directora general del ITEA, destac\u00f3 la importancia de la apertura de este nuevo espacio, que pertenece a la microrregi\u00f3n n\u00famero 10 y ofrecer\u00e1 el servicio educativo de manera m\u00e1s cercana y eficaz a quienes deseen incorporarse a este subsistema educativo.<\/p>\n<p>Mencion\u00f3 que una de las facilidades para las personas educandas inscritas es la posibilidad de trabajar mediante el uso de la tecnolog\u00eda, a trav\u00e9s de la plataforma educativa del Modelo de Educaci\u00f3n para la Vida (MEV) Aprende INEA.<\/p>\n<p> Enfatiz\u00f3 que la participaci\u00f3n de instituciones educativas, como la Secundaria T\u00e9cnica No. 79, en esta noble labor es muy valiosa. Agradeci\u00f3 al personal directivo y docente del plantel, en especial al director Carlos Alberto Banda Rodr\u00edguez, por permitir que j\u00f3venes mayores de 15 a\u00f1os y adultos puedan culminar su educaci\u00f3n b\u00e1sica.<\/p>\n<p>\u201cTodos los servicios que brinda nuestro instituto son totalmente gratuitos y validados oficialmente, por lo que invitamos a quienes conozcan o deseen estudiar a acercarse a la Plaza Comunitaria de la Secundaria T\u00e9cnica No. 79\u201d, puntualiz\u00f3.<\/p>\n<p>Agradeci\u00f3 de manera especial al gobernador Am\u00e9rico Villarreal Anaya y al secretario de Educaci\u00f3n, Miguel \u00c1ngel Valdez Garc\u00eda, por impulsar la labor del ITEA, una instituci\u00f3n que brinda educaci\u00f3n gratuita y de calidad a j\u00f3venes y adultos, mejorando as\u00ed su calidad de vida al obtener conocimientos y certificaciones de educaci\u00f3n b\u00e1sica.<\/p>\n<p>En la inauguraci\u00f3n de esta plaza comunitaria estuvieron presentes el coordinador de zona, Miguel \u00c1ngel Castillo Guti\u00e9rrez; la t\u00e9cnica docente que atiende la microrregi\u00f3n, Claudia Patricia Mart\u00ednez Manrique; la directora de Operaci\u00f3n Educativa, Alma Georgina Barr\u00f3n Torres; el coordinador de Programas Estrat\u00e9gicos, Alejandro Germ\u00e1nico D\u00edaz S\u00e1nchez; as\u00ed como estudiantes y autoridades educativas del plantel.<\/p>\n","protected":false},"excerpt":{"rendered":"<p>Nuevo Laredo, Tamaulipas.\u2013 En las instalaciones de la Secundaria T\u00e9cnica No. 79, se inaugur\u00f3 una nueva plaza comunitaria por parte del Instituto Tamaulipeco de Educaci\u00f3n para Adultos (ITEA), la cual atender\u00e1 a personas mayores de 15 a\u00f1os que no hayan concluido su educaci\u00f3n b\u00e1sica en esta zona. Gloria Guadalupe Gonz\u00e1lez Gonz\u00e1lez, directora general del ITEA, [&hellip;]<\/p>\n","protected":false},"author":1,"featured_media":9165,"comment_status":"closed","ping_status":"closed","sticky":false,"template":"","format":"standard","meta":{"footnotes":""},"categories":[60],"tags":[],"class_list":["post-9164","post","type-post","status-publish","format-standard","has-post-thumbnail","hentry","category-top--2"],"_links":{"self":[{"href":"https:\/\/www.vmnoticias.info\/index.php?rest_route=\/wp\/v2\/posts\/9164","targetHints":{"allow":["GET"]}}],"collection":[{"href":"https:\/\/www.vmnoticias.info\/index.php?rest_route=\/wp\/v2\/posts"}],"about":[{"href":"https:\/\/www.vmnoticias.info\/index.php?rest_route=\/wp\/v2\/types\/post"}],"author":[{"embeddable":true,"href":"https:\/\/www.vmnoticias.info\/index.php?rest_route=\/wp\/v2\/users\/1"}],"replies":[{"embeddable":true,"href":"https:\/\/www.vmnoticias.info\/index.php?rest_route=%2Fwp%2Fv2%2Fcomments&post=9164"}],"version-history":[{"count":1,"href":"https:\/\/www.vmnoticias.info\/index.php?rest_route=\/wp\/v2\/posts\/9164\/revisions"}],"predecessor-version":[{"id":9166,"href":"https:\/\/www.vmnoticias.info\/index.php?rest_route=\/wp\/v2\/posts\/9164\/revisions\/9166"}],"wp:featuredmedia":[{"embeddable":true,"href":"https:\/\/www.vmnoticias.info\/index.php?rest_route=\/wp\/v2\/media\/9165"}],"wp:attachment":[{"href":"https:\/\/www.vmnoticias.info\/index.php?rest_route=%2Fwp%2Fv2%2Fmedia&parent=9164"}],"wp:term":[{"taxonomy":"category","embeddable":true,"href":"https:\/\/www.vmnoticias.info\/index.php?rest_route=%2Fwp%2Fv2%2Fcategories&post=9164"},{"taxonomy":"post_tag","embeddable":true,"href":"https:\/\/www.vmnoticias.info\/index.php?rest_route=%2Fwp%2Fv2%2Ftags&post=9164"}],"curies":[{"name":"wp","href":"https:\/\/api.w.org\/{rel}","templated":true}]}}