{"id":918,"date":"2022-01-12T19:07:55","date_gmt":"2022-01-13T01:07:55","guid":{"rendered":"https:\/\/www.vmnoticias.info\/?p=918"},"modified":"2022-01-12T19:07:55","modified_gmt":"2022-01-13T01:07:55","slug":"este-jueves-se-registra-el-truko","status":"publish","type":"post","link":"https:\/\/www.vmnoticias.info\/?p=918","title":{"rendered":"Este jueves se registra \u00abEl Truko\u00bb"},"content":{"rendered":"<p>El Truko dar\u00e1 respuesta a Todos por Tamaulipas<br \/>\n\u2022 Este jueves se registra como candidato de la coalici\u00f3n<br \/>\n\u2022 Como ciudadano enviar\u00e1 a mensaje a sus partidarios<\/p>\n<p>Ciudad Victoria, Tam.- Todos por Tamaulipas (TXT) est\u00e1 listo para reiterar la invitaci\u00f3n a C\u00e9sar Augusto \u201cEl Truko\u201d Ver\u00e1stegui Ostos para que sea el abanderado de las causas de los tamaulipecos; la convocatoria tendr\u00e1 lugar en el Sal\u00f3n Candilejas, al que acudir\u00e1n los 43 dirigentes municipales de dicha agrupaci\u00f3n, as\u00ed como lideres de los sectores pol\u00edticos, sociales, culturales, deportivos, etc., provenientes de diferentes regiones de la entidad.<\/p>\n<p>As\u00ed lo dio a conocer en entrevista, el presidente de la organizaci\u00f3n ciudadana Ricardo Gavi\u00f1o C\u00e1rdenas, al informar que este encuentro se llevar\u00e1 a cabo ma\u00f1ana jueves 13 de enero, \u201cah\u00ed le haremos la petici\u00f3n formal al ingeniero C\u00e9sar Ver\u00e1stegui Ostos para que acepte ser precandidato y posteriormente candidato en el proceso electoral que se llevar\u00e1 a cabo el pr\u00f3ximo 5 de junio, donde los tamaulipecos tendremos la oportunidad de elegir a quien ser\u00e1 nuestro pr\u00f3ximo gobernador\u201d, inform\u00f3.<\/p>\n<p>\u201cEsperamos que ya como un ciudadano m\u00e1s, haga uso de la voz y nos dirija el mensaje que hemos estado esperando desde octubre: que acepta ser el l\u00edder que necesitamos los tamaulipecos e ir juntos por un mejor estado\u201d, coment\u00f3 Gavi\u00f1o C\u00e1rdenas.<\/p>\n<p>Cabe destacar que desde el pasado 16 de octubre cuando TXT se present\u00f3 p\u00fablicamente en un acto masivo que se llev\u00f3 a cabo en el Polif\u00f3rum de esta ciudad capital, propusieron a C\u00e9sar Augusto Ver\u00e1stegui Ostos, como la persona id\u00f3nea para liderar las causas de todos; \u201cdesde ese d\u00eda a la fecha m\u00e1s de 150 mil tamaulipecos se han sumado a este proyecto\u201d, dijo.<\/p>\n<p>Reiter\u00f3 que la cita es el 13 de enero a partir de las 10:00 horas en el Sal\u00f3n Candilejas ubicado en calle Gaspar de la Garza entre Chihuahua y Rafael Balandrano, del Fraccionamiento Valle de Aguayo; para concluir destac\u00f3 que se atender\u00e1n todas las recomendaciones de las autoridades sanitarias con respecto al COVID-19.<\/p>\n<p>Ver\u00e1stegui Ostos acudir\u00eda a registrarse como aspirante de la coalici\u00f3n \u201cVa por Tamaulipas\u201d integrada por el PRI, PAN y PRD. Al concluir el registro se prev\u00e9 una conferencia de prensa afuera de las instalaciones del Comit\u00e9 Directivo Estatal del PAN.<\/p>\n<p>Extraoficialmente se sabe que el s\u00e1bado a partir de las 12:00 horas, habr\u00e1 otro evento en la modalidad de caravana de autos en el estacionamiento del Polif\u00f3rum Victoria, en la que se espera la presencia de los dirigentes nacionales del PAN, PRI y PRD, Marko Antonio Cort\u00e9s Mendoza, Alejandro Moreno C\u00e1rdenas y Jes\u00fas Zambrano Grijalva.<img loading=\"lazy\" decoding=\"async\" class=\"alignright size-full wp-image-919\" src=\"http:\/\/www.vmnoticias.info\/wp-content\/uploads\/2022\/01\/FB_IMG_1642024230122.jpg\" alt=\"\" width=\"720\" height=\"450\" srcset=\"https:\/\/www.vmnoticias.info\/wp-content\/uploads\/2022\/01\/FB_IMG_1642024230122.jpg 720w, https:\/\/www.vmnoticias.info\/wp-content\/uploads\/2022\/01\/FB_IMG_1642024230122-300x188.jpg 300w\" sizes=\"auto, (max-width: 720px) 100vw, 720px\" \/><\/p>\n","protected":false},"excerpt":{"rendered":"<p>El Truko dar\u00e1 respuesta a Todos por Tamaulipas \u2022 Este jueves se registra como candidato de la coalici\u00f3n \u2022 Como ciudadano enviar\u00e1 a mensaje a sus partidarios Ciudad Victoria, Tam.- Todos por Tamaulipas (TXT) est\u00e1 listo para reiterar la invitaci\u00f3n a C\u00e9sar Augusto \u201cEl Truko\u201d Ver\u00e1stegui Ostos para que sea el abanderado de las causas [&hellip;]<\/p>\n","protected":false},"author":1,"featured_media":920,"comment_status":"open","ping_status":"open","sticky":false,"template":"","format":"standard","meta":{"footnotes":""},"categories":[45],"tags":[],"class_list":["post-918","post","type-post","status-publish","format-standard","has-post-thumbnail","hentry","category-importante"],"_links":{"self":[{"href":"https:\/\/www.vmnoticias.info\/index.php?rest_route=\/wp\/v2\/posts\/918","targetHints":{"allow":["GET"]}}],"collection":[{"href":"https:\/\/www.vmnoticias.info\/index.php?rest_route=\/wp\/v2\/posts"}],"about":[{"href":"https:\/\/www.vmnoticias.info\/index.php?rest_route=\/wp\/v2\/types\/post"}],"author":[{"embeddable":true,"href":"https:\/\/www.vmnoticias.info\/index.php?rest_route=\/wp\/v2\/users\/1"}],"replies":[{"embeddable":true,"href":"https:\/\/www.vmnoticias.info\/index.php?rest_route=%2Fwp%2Fv2%2Fcomments&post=918"}],"version-history":[{"count":0,"href":"https:\/\/www.vmnoticias.info\/index.php?rest_route=\/wp\/v2\/posts\/918\/revisions"}],"wp:featuredmedia":[{"embeddable":true,"href":"https:\/\/www.vmnoticias.info\/index.php?rest_route=\/wp\/v2\/media\/920"}],"wp:attachment":[{"href":"https:\/\/www.vmnoticias.info\/index.php?rest_route=%2Fwp%2Fv2%2Fmedia&parent=918"}],"wp:term":[{"taxonomy":"category","embeddable":true,"href":"https:\/\/www.vmnoticias.info\/index.php?rest_route=%2Fwp%2Fv2%2Fcategories&post=918"},{"taxonomy":"post_tag","embeddable":true,"href":"https:\/\/www.vmnoticias.info\/index.php?rest_route=%2Fwp%2Fv2%2Ftags&post=918"}],"curies":[{"name":"wp","href":"https:\/\/api.w.org\/{rel}","templated":true}]}}