{"id":9295,"date":"2025-12-02T21:34:00","date_gmt":"2025-12-03T03:34:00","guid":{"rendered":"https:\/\/www.vmnoticias.info\/?p=9295"},"modified":"2026-01-01T21:37:26","modified_gmt":"2026-01-02T03:37:26","slug":"gestiona-alcalde-carlos-pena-ortiz-mejora-del-servicio-de-energia-electrica-con-la-cfe","status":"publish","type":"post","link":"https:\/\/www.vmnoticias.info\/?p=9295","title":{"rendered":"Gestiona Alcalde Carlos Pe\u00f1a Ortiz mejora del servicio de energ\u00eda el\u00e9ctrica con la CFE"},"content":{"rendered":"<p>Por Yani Vega<br \/>\nReynosa, Tamaulipas.-<br \/>\nEl Presidente Municipal Carlos Pe\u00f1a Ortiz, se reuni\u00f3 este martes 2 de diciembre, en Reynosa, con el Ing. Alfredo Calder\u00f3n Mart\u00ednez, Gerente Divisional Golfo Norte de la Comisi\u00f3n Federal de Electricidad, con quien trat\u00f3 asuntos prioritarios para la ciudad en cuesti\u00f3n de energ\u00eda. <\/p>\n<p>\u00abBuscamos juntos la manera de fortalecer la infraestructura el\u00e9ctrica y brindar mejores condiciones a las familias reynosenses, por ello agradezco a Alfredo Calder\u00f3n su disposici\u00f3n de seguir coordinando esfuerzos en beneficio de nuestra ciudad\u00bb, asegur\u00f3 el Alcalde. <\/p>\n<p>En la reuni\u00f3n, particip\u00f3 a nombre del gremio de electricistas, Daniel Pe\u00f1a Trevi\u00f1o, Coordinador del Sindicato \u00danico de Trabajadores de la Electricidad de la Rep\u00fablica Mexicana, SUTERM. <\/p>\n","protected":false},"excerpt":{"rendered":"<p>Por Yani Vega Reynosa, Tamaulipas.- El Presidente Municipal Carlos Pe\u00f1a Ortiz, se reuni\u00f3 este martes 2 de diciembre, en Reynosa, con el Ing. Alfredo Calder\u00f3n Mart\u00ednez, Gerente Divisional Golfo Norte de la Comisi\u00f3n Federal de Electricidad, con quien trat\u00f3 asuntos prioritarios para la ciudad en cuesti\u00f3n de energ\u00eda. \u00abBuscamos juntos la manera de fortalecer la [&hellip;]<\/p>\n","protected":false},"author":1,"featured_media":9296,"comment_status":"closed","ping_status":"closed","sticky":false,"template":"","format":"standard","meta":{"footnotes":""},"categories":[58],"tags":[],"class_list":["post-9295","post","type-post","status-publish","format-standard","has-post-thumbnail","hentry","category-top-"],"_links":{"self":[{"href":"https:\/\/www.vmnoticias.info\/index.php?rest_route=\/wp\/v2\/posts\/9295","targetHints":{"allow":["GET"]}}],"collection":[{"href":"https:\/\/www.vmnoticias.info\/index.php?rest_route=\/wp\/v2\/posts"}],"about":[{"href":"https:\/\/www.vmnoticias.info\/index.php?rest_route=\/wp\/v2\/types\/post"}],"author":[{"embeddable":true,"href":"https:\/\/www.vmnoticias.info\/index.php?rest_route=\/wp\/v2\/users\/1"}],"replies":[{"embeddable":true,"href":"https:\/\/www.vmnoticias.info\/index.php?rest_route=%2Fwp%2Fv2%2Fcomments&post=9295"}],"version-history":[{"count":1,"href":"https:\/\/www.vmnoticias.info\/index.php?rest_route=\/wp\/v2\/posts\/9295\/revisions"}],"predecessor-version":[{"id":9297,"href":"https:\/\/www.vmnoticias.info\/index.php?rest_route=\/wp\/v2\/posts\/9295\/revisions\/9297"}],"wp:featuredmedia":[{"embeddable":true,"href":"https:\/\/www.vmnoticias.info\/index.php?rest_route=\/wp\/v2\/media\/9296"}],"wp:attachment":[{"href":"https:\/\/www.vmnoticias.info\/index.php?rest_route=%2Fwp%2Fv2%2Fmedia&parent=9295"}],"wp:term":[{"taxonomy":"category","embeddable":true,"href":"https:\/\/www.vmnoticias.info\/index.php?rest_route=%2Fwp%2Fv2%2Fcategories&post=9295"},{"taxonomy":"post_tag","embeddable":true,"href":"https:\/\/www.vmnoticias.info\/index.php?rest_route=%2Fwp%2Fv2%2Ftags&post=9295"}],"curies":[{"name":"wp","href":"https:\/\/api.w.org\/{rel}","templated":true}]}}