{"id":9307,"date":"2025-12-04T21:42:00","date_gmt":"2025-12-05T03:42:00","guid":{"rendered":"https:\/\/www.vmnoticias.info\/?p=9307"},"modified":"2026-01-01T21:43:58","modified_gmt":"2026-01-02T03:43:58","slug":"visito-boxeador-reynosense-gerardo-el-bendito-estopellan-al-presidente-carlos-pena-ortiz","status":"publish","type":"post","link":"https:\/\/www.vmnoticias.info\/?p=9307","title":{"rendered":"Visit\u00f3 boxeador reynosense Gerardo \u00abEl Bendito\u00bb Estopell\u00e1n al Presidente Carlos Pe\u00f1a Ortiz"},"content":{"rendered":"<p>Por Yani Vega<br \/>\nReynosa, Tamaulipas.-<\/p>\n<p>El nuevo talento reynosense del boxeo, Gerardo \u00abEl Bendito\u00bb Estopell\u00e1n visit\u00f3 al Presidente Municipal Carlos Pe\u00f1a Ortiz, para anunciarle su pr\u00f3xima pelea profesional el d\u00eda 19 de diciembre, donde promete dar la mejor batalla para obtener el triunfo. <\/p>\n<p>\u00abSu disciplina, entrega y coraz\u00f3n lo han convertido en un referente del deporte local, y estoy seguro de que seguir\u00e1 demostrando de qu\u00e9 est\u00e1n hechos nuestros deportistas\u00bb, dijo el Alcalde al referirse al joven pugilista. <\/p>\n<p>Gerardo pelear\u00e1 en un cuadril\u00e1tero regiomontano, donde ya dio una muestra de su gran poder ante otros rivales, y se encuentra ya listo para su pr\u00f3ximo combate, con el orgullo de ser reynosense. <\/p>\n","protected":false},"excerpt":{"rendered":"<p>Por Yani Vega Reynosa, Tamaulipas.- El nuevo talento reynosense del boxeo, Gerardo \u00abEl Bendito\u00bb Estopell\u00e1n visit\u00f3 al Presidente Municipal Carlos Pe\u00f1a Ortiz, para anunciarle su pr\u00f3xima pelea profesional el d\u00eda 19 de diciembre, donde promete dar la mejor batalla para obtener el triunfo. \u00abSu disciplina, entrega y coraz\u00f3n lo han convertido en un referente del [&hellip;]<\/p>\n","protected":false},"author":1,"featured_media":9308,"comment_status":"closed","ping_status":"closed","sticky":false,"template":"","format":"standard","meta":{"footnotes":""},"categories":[58],"tags":[],"class_list":["post-9307","post","type-post","status-publish","format-standard","has-post-thumbnail","hentry","category-top-"],"_links":{"self":[{"href":"https:\/\/www.vmnoticias.info\/index.php?rest_route=\/wp\/v2\/posts\/9307","targetHints":{"allow":["GET"]}}],"collection":[{"href":"https:\/\/www.vmnoticias.info\/index.php?rest_route=\/wp\/v2\/posts"}],"about":[{"href":"https:\/\/www.vmnoticias.info\/index.php?rest_route=\/wp\/v2\/types\/post"}],"author":[{"embeddable":true,"href":"https:\/\/www.vmnoticias.info\/index.php?rest_route=\/wp\/v2\/users\/1"}],"replies":[{"embeddable":true,"href":"https:\/\/www.vmnoticias.info\/index.php?rest_route=%2Fwp%2Fv2%2Fcomments&post=9307"}],"version-history":[{"count":1,"href":"https:\/\/www.vmnoticias.info\/index.php?rest_route=\/wp\/v2\/posts\/9307\/revisions"}],"predecessor-version":[{"id":9309,"href":"https:\/\/www.vmnoticias.info\/index.php?rest_route=\/wp\/v2\/posts\/9307\/revisions\/9309"}],"wp:featuredmedia":[{"embeddable":true,"href":"https:\/\/www.vmnoticias.info\/index.php?rest_route=\/wp\/v2\/media\/9308"}],"wp:attachment":[{"href":"https:\/\/www.vmnoticias.info\/index.php?rest_route=%2Fwp%2Fv2%2Fmedia&parent=9307"}],"wp:term":[{"taxonomy":"category","embeddable":true,"href":"https:\/\/www.vmnoticias.info\/index.php?rest_route=%2Fwp%2Fv2%2Fcategories&post=9307"},{"taxonomy":"post_tag","embeddable":true,"href":"https:\/\/www.vmnoticias.info\/index.php?rest_route=%2Fwp%2Fv2%2Ftags&post=9307"}],"curies":[{"name":"wp","href":"https:\/\/api.w.org\/{rel}","templated":true}]}}