{"id":9325,"date":"2025-12-07T21:51:00","date_gmt":"2025-12-08T03:51:00","guid":{"rendered":"https:\/\/www.vmnoticias.info\/?p=9325"},"modified":"2026-01-01T21:53:31","modified_gmt":"2026-01-02T03:53:31","slug":"asiste-hoy-domingo-7-al-encendido-del-pino-en-la-plaza-de-la-republica","status":"publish","type":"post","link":"https:\/\/www.vmnoticias.info\/?p=9325","title":{"rendered":"Asiste hoy domingo 7 al Encendido del Pino en la Plaza de la Rep\u00fablica"},"content":{"rendered":"<p>Por Yani Vega<br \/>\nReynosa, Tamaulipas.-<\/p>\n<p>El Presidente Carlos Pe\u00f1a Ortiz invita a la familias de Reynosa al tradicional Encendido del Pino 2025, de la Plaza de la Rep\u00fablica, asiste hoy domingo 7 de diciembre a partir de las 5:00 de la tarde y disfruta de grandes sorpresas para chicos y grandes; el Pino de Arca Continental se ubica ah\u00ed, donde comienza la Patria, para recibir con esp\u00edritu navide\u00f1o a los visitantes de nuestro pa\u00eds, vive hoy el colorido de la \u00e9poca con el Alcalde y las familias asistentes. <\/p>\n","protected":false},"excerpt":{"rendered":"<p>Por Yani Vega Reynosa, Tamaulipas.- El Presidente Carlos Pe\u00f1a Ortiz invita a la familias de Reynosa al tradicional Encendido del Pino 2025, de la Plaza de la Rep\u00fablica, asiste hoy domingo 7 de diciembre a partir de las 5:00 de la tarde y disfruta de grandes sorpresas para chicos y grandes; el Pino de Arca [&hellip;]<\/p>\n","protected":false},"author":1,"featured_media":9326,"comment_status":"closed","ping_status":"closed","sticky":false,"template":"","format":"standard","meta":{"footnotes":""},"categories":[58],"tags":[],"class_list":["post-9325","post","type-post","status-publish","format-standard","has-post-thumbnail","hentry","category-top-"],"_links":{"self":[{"href":"https:\/\/www.vmnoticias.info\/index.php?rest_route=\/wp\/v2\/posts\/9325","targetHints":{"allow":["GET"]}}],"collection":[{"href":"https:\/\/www.vmnoticias.info\/index.php?rest_route=\/wp\/v2\/posts"}],"about":[{"href":"https:\/\/www.vmnoticias.info\/index.php?rest_route=\/wp\/v2\/types\/post"}],"author":[{"embeddable":true,"href":"https:\/\/www.vmnoticias.info\/index.php?rest_route=\/wp\/v2\/users\/1"}],"replies":[{"embeddable":true,"href":"https:\/\/www.vmnoticias.info\/index.php?rest_route=%2Fwp%2Fv2%2Fcomments&post=9325"}],"version-history":[{"count":1,"href":"https:\/\/www.vmnoticias.info\/index.php?rest_route=\/wp\/v2\/posts\/9325\/revisions"}],"predecessor-version":[{"id":9327,"href":"https:\/\/www.vmnoticias.info\/index.php?rest_route=\/wp\/v2\/posts\/9325\/revisions\/9327"}],"wp:featuredmedia":[{"embeddable":true,"href":"https:\/\/www.vmnoticias.info\/index.php?rest_route=\/wp\/v2\/media\/9326"}],"wp:attachment":[{"href":"https:\/\/www.vmnoticias.info\/index.php?rest_route=%2Fwp%2Fv2%2Fmedia&parent=9325"}],"wp:term":[{"taxonomy":"category","embeddable":true,"href":"https:\/\/www.vmnoticias.info\/index.php?rest_route=%2Fwp%2Fv2%2Fcategories&post=9325"},{"taxonomy":"post_tag","embeddable":true,"href":"https:\/\/www.vmnoticias.info\/index.php?rest_route=%2Fwp%2Fv2%2Ftags&post=9325"}],"curies":[{"name":"wp","href":"https:\/\/api.w.org\/{rel}","templated":true}]}}