{"id":9328,"date":"2025-12-07T21:53:00","date_gmt":"2025-12-08T03:53:00","guid":{"rendered":"https:\/\/www.vmnoticias.info\/?p=9328"},"modified":"2026-01-01T21:55:05","modified_gmt":"2026-01-02T03:55:05","slug":"presentacion-del-libro-negrito-de-nester-contreras-un-testimonio-de-superacion-y-determinacion","status":"publish","type":"post","link":"https:\/\/www.vmnoticias.info\/?p=9328","title":{"rendered":"Presentaci\u00f3n del Libro \u00abNegrito\u00bb de Nester Contreras: un testimonio de superaci\u00f3n y determinaci\u00f3n"},"content":{"rendered":"<p>Por Yani Vega<br \/>\nReynosa, Tamaulipas.-<\/p>\n<p>En un emotivo evento, se llev\u00f3 a cabo la presentaci\u00f3n del libro \u00abNegrito\u00bb, del destacado acad\u00e9mico Nester Contreras, quien comparti\u00f3 con la audiencia los pasajes m\u00e1s profundos de su vida y su trayectoria, teniendo como invitado especial al Presidente Municipal Carlos Pe\u00f1a Ortiz y la destacada participaci\u00f3n de la ni\u00f1a Mar\u00eda Victoria Contreras.<\/p>\n<p>La presentaci\u00f3n del libro fue un espacio para reflexionar sobre la importancia de aprovechar las oportunidades y enfrentar los desaf\u00edos con valent\u00eda y determinaci\u00f3n. Nester Contreras, conocido por su compromiso con la educaci\u00f3n y el desarrollo de la comunidad, ofreci\u00f3 un testimonio inspirador sobre c\u00f3mo su vida ha sido un camino de esfuerzo y superaci\u00f3n.<\/p>\n<p>En la gala literaria llevada a cabo en el majestuoso Museo del Ferrocarril, Historia, Arte y Maquila, MUFHAM, se pudo apreciar el an\u00e1lisis del Lic. Rodolfo Santos D\u00e1vila, quien destac\u00f3 tanto la historia descrita como la trayectoria del autor, quien por su parte invit\u00f3 a los presentes a obtener el ejemplar con su dedicatoria mediante una contribuci\u00f3n voluntaria para una paciente con c\u00e1ncer. <\/p>\n","protected":false},"excerpt":{"rendered":"<p>Por Yani Vega Reynosa, Tamaulipas.- En un emotivo evento, se llev\u00f3 a cabo la presentaci\u00f3n del libro \u00abNegrito\u00bb, del destacado acad\u00e9mico Nester Contreras, quien comparti\u00f3 con la audiencia los pasajes m\u00e1s profundos de su vida y su trayectoria, teniendo como invitado especial al Presidente Municipal Carlos Pe\u00f1a Ortiz y la destacada participaci\u00f3n de la ni\u00f1a [&hellip;]<\/p>\n","protected":false},"author":1,"featured_media":9329,"comment_status":"closed","ping_status":"closed","sticky":false,"template":"","format":"standard","meta":{"footnotes":""},"categories":[58],"tags":[],"class_list":["post-9328","post","type-post","status-publish","format-standard","has-post-thumbnail","hentry","category-top-"],"_links":{"self":[{"href":"https:\/\/www.vmnoticias.info\/index.php?rest_route=\/wp\/v2\/posts\/9328","targetHints":{"allow":["GET"]}}],"collection":[{"href":"https:\/\/www.vmnoticias.info\/index.php?rest_route=\/wp\/v2\/posts"}],"about":[{"href":"https:\/\/www.vmnoticias.info\/index.php?rest_route=\/wp\/v2\/types\/post"}],"author":[{"embeddable":true,"href":"https:\/\/www.vmnoticias.info\/index.php?rest_route=\/wp\/v2\/users\/1"}],"replies":[{"embeddable":true,"href":"https:\/\/www.vmnoticias.info\/index.php?rest_route=%2Fwp%2Fv2%2Fcomments&post=9328"}],"version-history":[{"count":1,"href":"https:\/\/www.vmnoticias.info\/index.php?rest_route=\/wp\/v2\/posts\/9328\/revisions"}],"predecessor-version":[{"id":9330,"href":"https:\/\/www.vmnoticias.info\/index.php?rest_route=\/wp\/v2\/posts\/9328\/revisions\/9330"}],"wp:featuredmedia":[{"embeddable":true,"href":"https:\/\/www.vmnoticias.info\/index.php?rest_route=\/wp\/v2\/media\/9329"}],"wp:attachment":[{"href":"https:\/\/www.vmnoticias.info\/index.php?rest_route=%2Fwp%2Fv2%2Fmedia&parent=9328"}],"wp:term":[{"taxonomy":"category","embeddable":true,"href":"https:\/\/www.vmnoticias.info\/index.php?rest_route=%2Fwp%2Fv2%2Fcategories&post=9328"},{"taxonomy":"post_tag","embeddable":true,"href":"https:\/\/www.vmnoticias.info\/index.php?rest_route=%2Fwp%2Fv2%2Ftags&post=9328"}],"curies":[{"name":"wp","href":"https:\/\/api.w.org\/{rel}","templated":true}]}}