{"id":933,"date":"2022-01-19T23:58:01","date_gmt":"2022-01-20T05:58:01","guid":{"rendered":"https:\/\/www.vmnoticias.info\/?p=933"},"modified":"2022-01-19T23:58:01","modified_gmt":"2022-01-20T05:58:01","slug":"continuara-a-la-alza-el-precio-del-limon","status":"publish","type":"post","link":"https:\/\/www.vmnoticias.info\/?p=933","title":{"rendered":"Continuar\u00e1 a la alza el precio del lim\u00f3n"},"content":{"rendered":"<p>Por Yani Vega Mar\u00edn<br \/>\nReynosa, Tamaulipas. \u2013 El Vocero de la Central de Abastos de esta ciudad, Santiago Gonz\u00e1lez Cavazos, se\u00f1al\u00f3 que el desabastecimiento del producto del lim\u00f3n se est\u00e1 presentando a nivel nacional debido a la temporada de baja producci\u00f3n, lo que ha provocado que los precios se disparen hasta los 80 pesos el kilogramo.<\/p>\n<p>\u201cNo es \u00fanicamente a nivel local o regional. El problema es la temporalidad ahorita. Enero y febrero son meses en que hay una baja de cosecha de este producto\u201d.<\/p>\n<p>Independientemente de lo anterior, explic\u00f3, que seg\u00fan las estad\u00edsticas ha ido disminuyendo la oferta de producci\u00f3n de este producto, \u201cm\u00e1s que todo por cuestiones clim\u00e1ticas\u201d.<\/p>\n<p>Subray\u00f3, que el desabastecimiento termine posiblemente hasta mediados de febrero y con ello se ir\u00e1 normalizando el precio. El producto se importa desde el Estado de Michoac\u00e1n.<\/p>\n","protected":false},"excerpt":{"rendered":"<p>Por Yani Vega Mar\u00edn Reynosa, Tamaulipas. \u2013 El Vocero de la Central de Abastos de esta ciudad, Santiago Gonz\u00e1lez Cavazos, se\u00f1al\u00f3 que el desabastecimiento del producto del lim\u00f3n se est\u00e1 presentando a nivel nacional debido a la temporada de baja producci\u00f3n, lo que ha provocado que los precios se disparen hasta los 80 pesos el [&hellip;]<\/p>\n","protected":false},"author":1,"featured_media":934,"comment_status":"open","ping_status":"open","sticky":false,"template":"","format":"standard","meta":{"footnotes":""},"categories":[45],"tags":[],"class_list":["post-933","post","type-post","status-publish","format-standard","has-post-thumbnail","hentry","category-importante"],"_links":{"self":[{"href":"https:\/\/www.vmnoticias.info\/index.php?rest_route=\/wp\/v2\/posts\/933","targetHints":{"allow":["GET"]}}],"collection":[{"href":"https:\/\/www.vmnoticias.info\/index.php?rest_route=\/wp\/v2\/posts"}],"about":[{"href":"https:\/\/www.vmnoticias.info\/index.php?rest_route=\/wp\/v2\/types\/post"}],"author":[{"embeddable":true,"href":"https:\/\/www.vmnoticias.info\/index.php?rest_route=\/wp\/v2\/users\/1"}],"replies":[{"embeddable":true,"href":"https:\/\/www.vmnoticias.info\/index.php?rest_route=%2Fwp%2Fv2%2Fcomments&post=933"}],"version-history":[{"count":0,"href":"https:\/\/www.vmnoticias.info\/index.php?rest_route=\/wp\/v2\/posts\/933\/revisions"}],"wp:featuredmedia":[{"embeddable":true,"href":"https:\/\/www.vmnoticias.info\/index.php?rest_route=\/wp\/v2\/media\/934"}],"wp:attachment":[{"href":"https:\/\/www.vmnoticias.info\/index.php?rest_route=%2Fwp%2Fv2%2Fmedia&parent=933"}],"wp:term":[{"taxonomy":"category","embeddable":true,"href":"https:\/\/www.vmnoticias.info\/index.php?rest_route=%2Fwp%2Fv2%2Fcategories&post=933"},{"taxonomy":"post_tag","embeddable":true,"href":"https:\/\/www.vmnoticias.info\/index.php?rest_route=%2Fwp%2Fv2%2Ftags&post=933"}],"curies":[{"name":"wp","href":"https:\/\/api.w.org\/{rel}","templated":true}]}}