{"id":9352,"date":"2025-12-12T22:07:00","date_gmt":"2025-12-13T04:07:00","guid":{"rendered":"https:\/\/www.vmnoticias.info\/?p=9352"},"modified":"2026-01-01T22:09:17","modified_gmt":"2026-01-02T04:09:17","slug":"inauguro-carlos-pena-ortiz-pavimentacion-hidraulica-de-la-calle-conde-de-sierra-gorda","status":"publish","type":"post","link":"https:\/\/www.vmnoticias.info\/?p=9352","title":{"rendered":"Inaugur\u00f3 Carlos Pe\u00f1a Ortiz Pavimentaci\u00f3n Hidr\u00e1ulica de la Calle Conde de Sierra Gorda"},"content":{"rendered":"<p>Por Yani Vega<br \/>\nReynosa, Tamaulipas.-<\/p>\n<p>Hoy, viernes 12 de diciembre, el Alcalde Carlos Pe\u00f1a Ortiz inaugur\u00f3 la pavimentaci\u00f3n hidr\u00e1ulica, de 7 cuadras, de la calle Conde de Sierra Gorda, acompa\u00f1ado por vecinos de las colonias Paseo Residencial, Granjas Econ\u00f3micas del Norte, Condado del Norte y Villa Florida, una obra que beneficia a m\u00e1s de 6 Mil habitantes. <\/p>\n<p>\u00abAgradezco a todos los vecinos que nos acompa\u00f1an, al se\u00f1or Juan Antonio, representante de la colonia Granjas, porque \u00e9l y todos los miembros del Comit\u00e9 estuvieron muy pendientes de este trabajo\u00bb, dijo el Presidente Municipal <\/p>\n<p>\u00abEsta obra era muy necesaria, por eso se hizo la inversi\u00f3n de m\u00e1s de 28 Millones de Pesos, tan solicitada por los vecinos de esta colonia y las aleda\u00f1as\u00bb, agreg\u00f3, acompa\u00f1ado por el Secretario de Obras P\u00fablicas, Eduardo L\u00f3pez Arias y por la Regidora de la Comisi\u00f3n relacionada, Silvia Carmina Rodr\u00edguez Trevi\u00f1o. <\/p>\n<p>La pavimentaci\u00f3n hidr\u00e1ulica incluye mejoras en la infraestructura, como 10,150.24 metros cuadrados de concreto hidr\u00e1ulico, 1,546.49 metros cuadrados de banqueta, red de agua potable, descargas sanitarias y tomas domiciliarias; luminarias y se\u00f1alizaci\u00f3n vial, que mejoran el acceso y movilidad para los residentes, para lograr una mejor calidad de vida y seguridad. <\/p>\n<p>El evento cont\u00f3 con la presencia del Arquitecto Honorio Cort\u00e1zar, Secretario T\u00e9cnico de la COMAPA, y H\u00e9ctor Alejandro Olivares Zavala, Secretario de Bienestar Social, entre otros funcionarios, y miembros del Cabildo. <\/p>\n","protected":false},"excerpt":{"rendered":"<p>Por Yani Vega Reynosa, Tamaulipas.- Hoy, viernes 12 de diciembre, el Alcalde Carlos Pe\u00f1a Ortiz inaugur\u00f3 la pavimentaci\u00f3n hidr\u00e1ulica, de 7 cuadras, de la calle Conde de Sierra Gorda, acompa\u00f1ado por vecinos de las colonias Paseo Residencial, Granjas Econ\u00f3micas del Norte, Condado del Norte y Villa Florida, una obra que beneficia a m\u00e1s de 6 [&hellip;]<\/p>\n","protected":false},"author":1,"featured_media":9353,"comment_status":"closed","ping_status":"closed","sticky":false,"template":"","format":"standard","meta":{"footnotes":""},"categories":[58],"tags":[],"class_list":["post-9352","post","type-post","status-publish","format-standard","has-post-thumbnail","hentry","category-top-"],"_links":{"self":[{"href":"https:\/\/www.vmnoticias.info\/index.php?rest_route=\/wp\/v2\/posts\/9352","targetHints":{"allow":["GET"]}}],"collection":[{"href":"https:\/\/www.vmnoticias.info\/index.php?rest_route=\/wp\/v2\/posts"}],"about":[{"href":"https:\/\/www.vmnoticias.info\/index.php?rest_route=\/wp\/v2\/types\/post"}],"author":[{"embeddable":true,"href":"https:\/\/www.vmnoticias.info\/index.php?rest_route=\/wp\/v2\/users\/1"}],"replies":[{"embeddable":true,"href":"https:\/\/www.vmnoticias.info\/index.php?rest_route=%2Fwp%2Fv2%2Fcomments&post=9352"}],"version-history":[{"count":1,"href":"https:\/\/www.vmnoticias.info\/index.php?rest_route=\/wp\/v2\/posts\/9352\/revisions"}],"predecessor-version":[{"id":9354,"href":"https:\/\/www.vmnoticias.info\/index.php?rest_route=\/wp\/v2\/posts\/9352\/revisions\/9354"}],"wp:featuredmedia":[{"embeddable":true,"href":"https:\/\/www.vmnoticias.info\/index.php?rest_route=\/wp\/v2\/media\/9353"}],"wp:attachment":[{"href":"https:\/\/www.vmnoticias.info\/index.php?rest_route=%2Fwp%2Fv2%2Fmedia&parent=9352"}],"wp:term":[{"taxonomy":"category","embeddable":true,"href":"https:\/\/www.vmnoticias.info\/index.php?rest_route=%2Fwp%2Fv2%2Fcategories&post=9352"},{"taxonomy":"post_tag","embeddable":true,"href":"https:\/\/www.vmnoticias.info\/index.php?rest_route=%2Fwp%2Fv2%2Ftags&post=9352"}],"curies":[{"name":"wp","href":"https:\/\/api.w.org\/{rel}","templated":true}]}}