{"id":9363,"date":"2026-01-14T20:06:01","date_gmt":"2026-01-15T02:06:01","guid":{"rendered":"https:\/\/www.vmnoticias.info\/?p=9363"},"modified":"2026-01-14T20:06:01","modified_gmt":"2026-01-15T02:06:01","slug":"contribuye-dif-reynosa-con-enfermeros-y-enfermeras-al-cuidado-de-la-salud-publica","status":"publish","type":"post","link":"https:\/\/www.vmnoticias.info\/?p=9363","title":{"rendered":"Contribuye DIF-Reynosa con Enfermeros y Enfermeras al cuidado de la salud p\u00fablica"},"content":{"rendered":"<p>Por Yani Vega<br \/>\nReynosa, Tamaulipas.-El Presidente Municipal Carlos Pe\u00f1a Ortiz, dio un discurso para el inicio de las Pr\u00e1cticas Hospitalarias de m\u00e1s de 70 alumnos de Enfermer\u00eda de los Centros CEDIF Hidalgo y Jarachina, en el Hospital General de Reynosa, HGR, con el Subdirector Felipe Alcal\u00e1 Espinosa, y el Presidente del Patronato del DIF-Reynosa, Carlos Luis Pe\u00f1a Garza. <\/p>\n<p>\u00abSeguimos apoyando la preparaci\u00f3n y crecimiento de quienes hoy ponen su conocimiento al servicio de los dem\u00e1s, impulsar este sistema de formaci\u00f3n es motivo de orgullo, porque fortalece la vocaci\u00f3n de servicio, genera oportunidades y contribuye directamente al bienestar de nuestra comunidad\u00bb, asegur\u00f3 el Presidente Municipal. <\/p>\n<p>Participaron en este evento: Mar\u00eda Anselma Herrera Rodr\u00edguez, Regidora Coordinadora de la Comisi\u00f3n de Salud en el Cabildo; Gabriela Rosas Blanco Directora del DIF-Reynosa; Cynthia Mart\u00ednez Hern\u00e1ndez, Coordinadora de CEDIF, y Guadalupe Maldonado Olivares, representante de los alumnos, entre otros. <\/p>\n<p>Estas pr\u00e1cticas son fundamentales durante sus estudios, en un programa en que los pasantes consolidan sus conocimientos y mantienen un contacto directo con M\u00e9dicos, familias y pacientes, lo que ayuda en su preparaci\u00f3n y los lleva directamente a forjarse ese sentido humano en su servicio. <\/p>\n<p>#ReynosaImparable<br \/>\n#GobiernoMunicipalDeReynosa<\/p>\n","protected":false},"excerpt":{"rendered":"<p>Por Yani Vega Reynosa, Tamaulipas.-El Presidente Municipal Carlos Pe\u00f1a Ortiz, dio un discurso para el inicio de las Pr\u00e1cticas Hospitalarias de m\u00e1s de 70 alumnos de Enfermer\u00eda de los Centros CEDIF Hidalgo y Jarachina, en el Hospital General de Reynosa, HGR, con el Subdirector Felipe Alcal\u00e1 Espinosa, y el Presidente del Patronato del DIF-Reynosa, Carlos [&hellip;]<\/p>\n","protected":false},"author":1,"featured_media":9364,"comment_status":"closed","ping_status":"closed","sticky":false,"template":"","format":"standard","meta":{"footnotes":""},"categories":[45,58],"tags":[],"class_list":["post-9363","post","type-post","status-publish","format-standard","has-post-thumbnail","hentry","category-importante","category-top-"],"_links":{"self":[{"href":"https:\/\/www.vmnoticias.info\/index.php?rest_route=\/wp\/v2\/posts\/9363","targetHints":{"allow":["GET"]}}],"collection":[{"href":"https:\/\/www.vmnoticias.info\/index.php?rest_route=\/wp\/v2\/posts"}],"about":[{"href":"https:\/\/www.vmnoticias.info\/index.php?rest_route=\/wp\/v2\/types\/post"}],"author":[{"embeddable":true,"href":"https:\/\/www.vmnoticias.info\/index.php?rest_route=\/wp\/v2\/users\/1"}],"replies":[{"embeddable":true,"href":"https:\/\/www.vmnoticias.info\/index.php?rest_route=%2Fwp%2Fv2%2Fcomments&post=9363"}],"version-history":[{"count":1,"href":"https:\/\/www.vmnoticias.info\/index.php?rest_route=\/wp\/v2\/posts\/9363\/revisions"}],"predecessor-version":[{"id":9365,"href":"https:\/\/www.vmnoticias.info\/index.php?rest_route=\/wp\/v2\/posts\/9363\/revisions\/9365"}],"wp:featuredmedia":[{"embeddable":true,"href":"https:\/\/www.vmnoticias.info\/index.php?rest_route=\/wp\/v2\/media\/9364"}],"wp:attachment":[{"href":"https:\/\/www.vmnoticias.info\/index.php?rest_route=%2Fwp%2Fv2%2Fmedia&parent=9363"}],"wp:term":[{"taxonomy":"category","embeddable":true,"href":"https:\/\/www.vmnoticias.info\/index.php?rest_route=%2Fwp%2Fv2%2Fcategories&post=9363"},{"taxonomy":"post_tag","embeddable":true,"href":"https:\/\/www.vmnoticias.info\/index.php?rest_route=%2Fwp%2Fv2%2Ftags&post=9363"}],"curies":[{"name":"wp","href":"https:\/\/api.w.org\/{rel}","templated":true}]}}