{"id":9366,"date":"2026-01-15T23:09:00","date_gmt":"2026-01-16T05:09:00","guid":{"rendered":"https:\/\/www.vmnoticias.info\/?p=9366"},"modified":"2026-01-15T23:09:00","modified_gmt":"2026-01-16T05:09:00","slug":"impulsa-carlos-pena-ortiz-a-comunidad-escolar-con-mas-beneficios-a-la-infraestructura","status":"publish","type":"post","link":"https:\/\/www.vmnoticias.info\/?p=9366","title":{"rendered":"Impulsa Carlos Pe\u00f1a Ortiz a comunidad escolar con m\u00e1s beneficios a la infraestructura"},"content":{"rendered":"<p>Por Yani Vega<br \/>\nReynosa, Tamaulipas.-<br \/>\nUn impulso m\u00e1s para fortalecer la educaci\u00f3n en Reynosa, fue materializado por el Alcalde Carlos Pe\u00f1a Ortiz, al entregar una techumbre met\u00e1lica de 400 metros cuadrados a la comunidad escolar de la primaria Mariano Abasolo, que dirige Javier Abdiel Valdiviezo Salazar, quien estuvo acompa\u00f1ado por la ni\u00f1a Camila Yired Altamirano Moreno, alumna de sexto grado. <\/p>\n<p>\u00abLo m\u00e1s importante para hacer estas obras es la inversi\u00f3n en la siguiente generaci\u00f3n, inversi\u00f3n en educaci\u00f3n que nos va a ayudar a que ni\u00f1os y ni\u00f1as tengan mayor soporte para forjarse un mejor futuro\u00bb, dijo el Alcalde, en presencia de la se\u00f1ora Guillerma Yarasema de Luna Vallejo, representante de los padres de familia. <\/p>\n<p>Entre la algarab\u00eda de los ni\u00f1os y el patente agradecimiento por la techumbre de 400 metros cuadrados que cubre el patio c\u00edvico de la instituci\u00f3n ubicada en la colonia Burocr\u00e1tica, padres de familia y personal docente, con visible emoci\u00f3n cortaron el list\u00f3n inaugural con el Presidente Municipal, funcionarios del Ayuntamiento, invitados y miembros del Cabildo. <\/p>\n","protected":false},"excerpt":{"rendered":"<p>Por Yani Vega Reynosa, Tamaulipas.- Un impulso m\u00e1s para fortalecer la educaci\u00f3n en Reynosa, fue materializado por el Alcalde Carlos Pe\u00f1a Ortiz, al entregar una techumbre met\u00e1lica de 400 metros cuadrados a la comunidad escolar de la primaria Mariano Abasolo, que dirige Javier Abdiel Valdiviezo Salazar, quien estuvo acompa\u00f1ado por la ni\u00f1a Camila Yired Altamirano [&hellip;]<\/p>\n","protected":false},"author":1,"featured_media":9367,"comment_status":"closed","ping_status":"closed","sticky":false,"template":"","format":"standard","meta":{"footnotes":""},"categories":[58],"tags":[],"class_list":["post-9366","post","type-post","status-publish","format-standard","has-post-thumbnail","hentry","category-top-"],"_links":{"self":[{"href":"https:\/\/www.vmnoticias.info\/index.php?rest_route=\/wp\/v2\/posts\/9366","targetHints":{"allow":["GET"]}}],"collection":[{"href":"https:\/\/www.vmnoticias.info\/index.php?rest_route=\/wp\/v2\/posts"}],"about":[{"href":"https:\/\/www.vmnoticias.info\/index.php?rest_route=\/wp\/v2\/types\/post"}],"author":[{"embeddable":true,"href":"https:\/\/www.vmnoticias.info\/index.php?rest_route=\/wp\/v2\/users\/1"}],"replies":[{"embeddable":true,"href":"https:\/\/www.vmnoticias.info\/index.php?rest_route=%2Fwp%2Fv2%2Fcomments&post=9366"}],"version-history":[{"count":1,"href":"https:\/\/www.vmnoticias.info\/index.php?rest_route=\/wp\/v2\/posts\/9366\/revisions"}],"predecessor-version":[{"id":9368,"href":"https:\/\/www.vmnoticias.info\/index.php?rest_route=\/wp\/v2\/posts\/9366\/revisions\/9368"}],"wp:featuredmedia":[{"embeddable":true,"href":"https:\/\/www.vmnoticias.info\/index.php?rest_route=\/wp\/v2\/media\/9367"}],"wp:attachment":[{"href":"https:\/\/www.vmnoticias.info\/index.php?rest_route=%2Fwp%2Fv2%2Fmedia&parent=9366"}],"wp:term":[{"taxonomy":"category","embeddable":true,"href":"https:\/\/www.vmnoticias.info\/index.php?rest_route=%2Fwp%2Fv2%2Fcategories&post=9366"},{"taxonomy":"post_tag","embeddable":true,"href":"https:\/\/www.vmnoticias.info\/index.php?rest_route=%2Fwp%2Fv2%2Ftags&post=9366"}],"curies":[{"name":"wp","href":"https:\/\/api.w.org\/{rel}","templated":true}]}}