{"id":939,"date":"2022-01-20T00:05:03","date_gmt":"2022-01-20T06:05:03","guid":{"rendered":"https:\/\/www.vmnoticias.info\/?p=939"},"modified":"2022-01-20T00:05:03","modified_gmt":"2022-01-20T06:05:03","slug":"tramite-de-becas-municipales-sera-solo-en-linea-a-partir-del-24-de-enero","status":"publish","type":"post","link":"https:\/\/www.vmnoticias.info\/?p=939","title":{"rendered":"Tr\u00e1mite de Becas Municipales ser\u00e1 solo en l\u00ednea a partir del 24 de enero"},"content":{"rendered":"<p>Por Yani Vega Mar\u00edn<br \/>\nReynosa, Tamaulipas. \u2013 La Secretaria de Sedesol en el municipio, Hidilberta Vel\u00e1zquez Mendoza, informa a la poblaci\u00f3n que los tr\u00e1mites para el programa de Becas Municipales ser\u00e1 solamente v\u00eda internet .<\/p>\n<p>Lo anterior, debido a que la ciudad se encuentra en \u201cSem\u00e1foro Rojo\u201d debido al alto n\u00famero de contagios de covid19, por lo que el tr\u00e1mite solo ser\u00e1 v\u00eda internet para evitar que los solicitantes acudan de manera presencial a solicitar la Beca como se hac\u00eda anteriormente.<\/p>\n<p>La convocatoria, se abre a partir del 24 de enero hasta el 8 de febrero, por lo que se exhorta a los solicitantes a que realicen bien su registro, cumpliendo con todos los requisitos de su papeler\u00eda y en el formato que se requiere.<\/p>\n<p>El Ayuntamiento emiti\u00f3 informaci\u00f3n oficial para dar a conocer la metodolog\u00eda; registrarse en la fecha indicada para su grado de estudios o modalidad, ya que autom\u00e1ticamente se anular\u00e1 la solicitud de quienes no acaten las disposiciones; para esclarecer dudas se ponen a su disposici\u00f3n los n\u00fameros telef\u00f3nicos 8999323250, 8999323292 y el correo electr\u00f3nico sedesol@reynosa.gob.mx<\/p>\n","protected":false},"excerpt":{"rendered":"<p>Por Yani Vega Mar\u00edn Reynosa, Tamaulipas. \u2013 La Secretaria de Sedesol en el municipio, Hidilberta Vel\u00e1zquez Mendoza, informa a la poblaci\u00f3n que los tr\u00e1mites para el programa de Becas Municipales ser\u00e1 solamente v\u00eda internet . Lo anterior, debido a que la ciudad se encuentra en \u201cSem\u00e1foro Rojo\u201d debido al alto n\u00famero de contagios de covid19, [&hellip;]<\/p>\n","protected":false},"author":1,"featured_media":940,"comment_status":"open","ping_status":"open","sticky":false,"template":"","format":"standard","meta":{"footnotes":""},"categories":[45],"tags":[],"class_list":["post-939","post","type-post","status-publish","format-standard","has-post-thumbnail","hentry","category-importante"],"_links":{"self":[{"href":"https:\/\/www.vmnoticias.info\/index.php?rest_route=\/wp\/v2\/posts\/939","targetHints":{"allow":["GET"]}}],"collection":[{"href":"https:\/\/www.vmnoticias.info\/index.php?rest_route=\/wp\/v2\/posts"}],"about":[{"href":"https:\/\/www.vmnoticias.info\/index.php?rest_route=\/wp\/v2\/types\/post"}],"author":[{"embeddable":true,"href":"https:\/\/www.vmnoticias.info\/index.php?rest_route=\/wp\/v2\/users\/1"}],"replies":[{"embeddable":true,"href":"https:\/\/www.vmnoticias.info\/index.php?rest_route=%2Fwp%2Fv2%2Fcomments&post=939"}],"version-history":[{"count":0,"href":"https:\/\/www.vmnoticias.info\/index.php?rest_route=\/wp\/v2\/posts\/939\/revisions"}],"wp:featuredmedia":[{"embeddable":true,"href":"https:\/\/www.vmnoticias.info\/index.php?rest_route=\/wp\/v2\/media\/940"}],"wp:attachment":[{"href":"https:\/\/www.vmnoticias.info\/index.php?rest_route=%2Fwp%2Fv2%2Fmedia&parent=939"}],"wp:term":[{"taxonomy":"category","embeddable":true,"href":"https:\/\/www.vmnoticias.info\/index.php?rest_route=%2Fwp%2Fv2%2Fcategories&post=939"},{"taxonomy":"post_tag","embeddable":true,"href":"https:\/\/www.vmnoticias.info\/index.php?rest_route=%2Fwp%2Fv2%2Ftags&post=939"}],"curies":[{"name":"wp","href":"https:\/\/api.w.org\/{rel}","templated":true}]}}