{"id":9412,"date":"2026-01-22T11:35:43","date_gmt":"2026-01-22T17:35:43","guid":{"rendered":"https:\/\/www.vmnoticias.info\/?p=9412"},"modified":"2026-01-22T11:35:43","modified_gmt":"2026-01-22T17:35:43","slug":"reunio-audiencia-publica-dia-del-pueblo-a-familias-de-villas-de-imaq","status":"publish","type":"post","link":"https:\/\/www.vmnoticias.info\/?p=9412","title":{"rendered":"Reuni\u00f3 Audiencia P\u00fablica D\u00eda del Pueblo a familias de Villas de Imaq"},"content":{"rendered":"<p>Por Yani Vega<br \/>\nReynosa, Tamaulipas.-<br \/>\n\u00abGracias, Carlos Pe\u00f1a Ortiz, Presidente Municipal, apreciables integrantes del Cabildo, de las diferentes secretar\u00edas y dependencias municipales\u00bb, declar\u00f3 al dar la bienvenida el Subdirector de la escuela primaria Mat\u00edas Tijerina Guzm\u00e1n, Profesor Juan Jos\u00e9 Salinas Garza. <\/p>\n<p>La Audiencia P\u00fablica D\u00eda del Pueblo fue encabezada por el Alcalde, acompa\u00f1ado por el Secretario de Bienestar Social, H\u00e9ctor Alejandro Olivares Zavala e integrantes de todas las fracciones en el Cabildo, ofreciendo a las familias de Villas de Imaq, los servicios municipales de forma gratuita cerca de su hogar: \u00abeste mes de febrero inicia la inscripci\u00f3n a las becas de primaria\u00bb, anunci\u00f3 e invit\u00f3 a obtener los beneficios ofrecidos durante la Audiencia. <\/p>\n<p>Esta jornada de atenci\u00f3n ciudadana permiti\u00f3 acercar tr\u00e1mites y apoyos a la comunidad, mejorando la calidad de vida de los habitantes de Reynosa y fortaleciendo el v\u00ednculo entre Gobierno y ciudadanos con servicios de salud, educaci\u00f3n y tr\u00e1mites administrativos, resolviendo necesidades b\u00e1sicas y contribuyendo al bienestar de la comunidad. <\/p>\n","protected":false},"excerpt":{"rendered":"<p>Por Yani Vega Reynosa, Tamaulipas.- \u00abGracias, Carlos Pe\u00f1a Ortiz, Presidente Municipal, apreciables integrantes del Cabildo, de las diferentes secretar\u00edas y dependencias municipales\u00bb, declar\u00f3 al dar la bienvenida el Subdirector de la escuela primaria Mat\u00edas Tijerina Guzm\u00e1n, Profesor Juan Jos\u00e9 Salinas Garza. La Audiencia P\u00fablica D\u00eda del Pueblo fue encabezada por el Alcalde, acompa\u00f1ado por el [&hellip;]<\/p>\n","protected":false},"author":1,"featured_media":9413,"comment_status":"closed","ping_status":"closed","sticky":false,"template":"","format":"standard","meta":{"footnotes":""},"categories":[58],"tags":[],"class_list":["post-9412","post","type-post","status-publish","format-standard","has-post-thumbnail","hentry","category-top-"],"_links":{"self":[{"href":"https:\/\/www.vmnoticias.info\/index.php?rest_route=\/wp\/v2\/posts\/9412","targetHints":{"allow":["GET"]}}],"collection":[{"href":"https:\/\/www.vmnoticias.info\/index.php?rest_route=\/wp\/v2\/posts"}],"about":[{"href":"https:\/\/www.vmnoticias.info\/index.php?rest_route=\/wp\/v2\/types\/post"}],"author":[{"embeddable":true,"href":"https:\/\/www.vmnoticias.info\/index.php?rest_route=\/wp\/v2\/users\/1"}],"replies":[{"embeddable":true,"href":"https:\/\/www.vmnoticias.info\/index.php?rest_route=%2Fwp%2Fv2%2Fcomments&post=9412"}],"version-history":[{"count":1,"href":"https:\/\/www.vmnoticias.info\/index.php?rest_route=\/wp\/v2\/posts\/9412\/revisions"}],"predecessor-version":[{"id":9414,"href":"https:\/\/www.vmnoticias.info\/index.php?rest_route=\/wp\/v2\/posts\/9412\/revisions\/9414"}],"wp:featuredmedia":[{"embeddable":true,"href":"https:\/\/www.vmnoticias.info\/index.php?rest_route=\/wp\/v2\/media\/9413"}],"wp:attachment":[{"href":"https:\/\/www.vmnoticias.info\/index.php?rest_route=%2Fwp%2Fv2%2Fmedia&parent=9412"}],"wp:term":[{"taxonomy":"category","embeddable":true,"href":"https:\/\/www.vmnoticias.info\/index.php?rest_route=%2Fwp%2Fv2%2Fcategories&post=9412"},{"taxonomy":"post_tag","embeddable":true,"href":"https:\/\/www.vmnoticias.info\/index.php?rest_route=%2Fwp%2Fv2%2Ftags&post=9412"}],"curies":[{"name":"wp","href":"https:\/\/api.w.org\/{rel}","templated":true}]}}