{"id":9428,"date":"2026-01-23T22:04:18","date_gmt":"2026-01-24T04:04:18","guid":{"rendered":"https:\/\/www.vmnoticias.info\/?p=9428"},"modified":"2026-01-23T22:04:18","modified_gmt":"2026-01-24T04:04:18","slug":"inauguraron-alcalde-y-familias-de-puerta-sur-y-nuevo-mexico-la-calle-morelos","status":"publish","type":"post","link":"https:\/\/www.vmnoticias.info\/?p=9428","title":{"rendered":"Inauguraron Alcalde y familias de Puerta Sur y Nuevo M\u00e9xico la calle Morelos"},"content":{"rendered":"<p>Por Yani Vega<br \/>\nReynosa, Tamaulipas.-<br \/>\n\u00abEsta calle, al igual que muchas, se hicieron con los impuestos de los reynosenses que pagaron el predial. Un fuerte aplauso para ellos, porque con ese dinero pavimentamos esta y muchas otras\u00bb, dijo el Alcalde Carlos Pe\u00f1a Ortiz, al inaugurar este d\u00eda viernes 22 de enero la calle Morelos, una obra de m\u00e1s de 11.5 Millones de Pesos de inversi\u00f3n. <\/p>\n<p>Junto con funcionarios municipales y con vecinos de los fraccionamientos Nuevo M\u00e9xico y Puerta Sur, el Alcalde cort\u00f3 el list\u00f3n inaugural de la nueva pavimentaci\u00f3n hidr\u00e1ulica de m\u00e1s de 5,000 metros cuadrados que beneficia a ambas colonias, gracias al Programa de Obra P\u00fablica M\u00e1s Grande en la Historia de Reynosa. <\/p>\n<p>Fue el se\u00f1or Osmar Simbr\u00f3n V\u00e1zquez quien a nombre de los vecinos agradeci\u00f3 la obra: \u00abbuenos d\u00edas, Alcalde, expresamos nuestro m\u00e1s sincero agradecimiento, esta mejora representa un cambio significativo en nuestra calidad de vida, facilita un tr\u00e1nsito seguro y c\u00f3modo tanto para los peatones como para los veh\u00edculos\u00bb. <\/p>\n<p>En la inauguraci\u00f3n el Presidente Municipal fue acompa\u00f1ado por el Gerente General de la COMAPA, Felipe de Jes\u00fas Chiw Vega; Eduardo L\u00f3pez Arias, Secretario de Obras P\u00fablicas; H\u00e9ctor Alejandro Olivares Zavala, Secretario de Bienestar Social; Gabriela Rosas Blanco, Directora DIF-Reynosa, e integrantes del Cabildo. <\/p>\n<p>#ReynosaImparable<br \/>\n#GobiernoMunicipalDeReynosa<\/p>\n","protected":false},"excerpt":{"rendered":"<p>Por Yani Vega Reynosa, Tamaulipas.- \u00abEsta calle, al igual que muchas, se hicieron con los impuestos de los reynosenses que pagaron el predial. Un fuerte aplauso para ellos, porque con ese dinero pavimentamos esta y muchas otras\u00bb, dijo el Alcalde Carlos Pe\u00f1a Ortiz, al inaugurar este d\u00eda viernes 22 de enero la calle Morelos, una [&hellip;]<\/p>\n","protected":false},"author":1,"featured_media":9429,"comment_status":"closed","ping_status":"closed","sticky":false,"template":"","format":"standard","meta":{"footnotes":""},"categories":[58],"tags":[],"class_list":["post-9428","post","type-post","status-publish","format-standard","has-post-thumbnail","hentry","category-top-"],"_links":{"self":[{"href":"https:\/\/www.vmnoticias.info\/index.php?rest_route=\/wp\/v2\/posts\/9428","targetHints":{"allow":["GET"]}}],"collection":[{"href":"https:\/\/www.vmnoticias.info\/index.php?rest_route=\/wp\/v2\/posts"}],"about":[{"href":"https:\/\/www.vmnoticias.info\/index.php?rest_route=\/wp\/v2\/types\/post"}],"author":[{"embeddable":true,"href":"https:\/\/www.vmnoticias.info\/index.php?rest_route=\/wp\/v2\/users\/1"}],"replies":[{"embeddable":true,"href":"https:\/\/www.vmnoticias.info\/index.php?rest_route=%2Fwp%2Fv2%2Fcomments&post=9428"}],"version-history":[{"count":1,"href":"https:\/\/www.vmnoticias.info\/index.php?rest_route=\/wp\/v2\/posts\/9428\/revisions"}],"predecessor-version":[{"id":9430,"href":"https:\/\/www.vmnoticias.info\/index.php?rest_route=\/wp\/v2\/posts\/9428\/revisions\/9430"}],"wp:featuredmedia":[{"embeddable":true,"href":"https:\/\/www.vmnoticias.info\/index.php?rest_route=\/wp\/v2\/media\/9429"}],"wp:attachment":[{"href":"https:\/\/www.vmnoticias.info\/index.php?rest_route=%2Fwp%2Fv2%2Fmedia&parent=9428"}],"wp:term":[{"taxonomy":"category","embeddable":true,"href":"https:\/\/www.vmnoticias.info\/index.php?rest_route=%2Fwp%2Fv2%2Fcategories&post=9428"},{"taxonomy":"post_tag","embeddable":true,"href":"https:\/\/www.vmnoticias.info\/index.php?rest_route=%2Fwp%2Fv2%2Ftags&post=9428"}],"curies":[{"name":"wp","href":"https:\/\/api.w.org\/{rel}","templated":true}]}}