{"id":9437,"date":"2026-01-24T21:35:19","date_gmt":"2026-01-25T03:35:19","guid":{"rendered":"https:\/\/www.vmnoticias.info\/?p=9437"},"modified":"2026-01-24T21:35:20","modified_gmt":"2026-01-25T03:35:20","slug":"encabezo-claudia-sheinbaum-pardo-entrega-de-beneficios-junto-con-americo-villarreal-anaya-y-carlos-pena-ortiz","status":"publish","type":"post","link":"https:\/\/www.vmnoticias.info\/?p=9437","title":{"rendered":"Encabez\u00f3 Claudia Sheinbaum Pardo entrega de beneficios junto con Am\u00e9rico Villarreal Anaya y Carlos Pe\u00f1a Ortiz"},"content":{"rendered":"<p>Por Yani Vega<br \/>\nReynosa, Tamaulipas.-<br \/>\n\u00abMe da mucho gusto estar hoy aqu\u00ed en Reynosa, Tamaulipas, para entregar beneficios de los programas del Gobierno de la Rep\u00fablica. Agradezco la presencia del Gobernador Constitucional de Tamaulipas, Doctor Am\u00e9rico Villarreal Anaya, y del Presidente Municipal de Reynosa, Carlos Pe\u00f1a Ortiz\u00bb, dijo la Presidenta al encabezar la entrega de beneficios de programas federales, de Vivienda del Bienestar y Pensi\u00f3n para Mujeres Bienestar. <\/p>\n<p>Durante la sesi\u00f3n de entrega de la Pensi\u00f3n para Mujeres Bienestar, la jefa del Gobierno de M\u00e9xico present\u00f3 al Alcalde de Reynosa en el Pres\u00eddium y le agradeci\u00f3 por su presencia junto a los Secretarios de la Federaci\u00f3n y al Gobernador de Tamaulipas e invitados especiales. <\/p>\n<p>Este evento es un paso importante para garantizar el derecho a la vivienda digna para las familias mexicanas, -dijo durante la entrega simb\u00f3lica de 44 viviendas y agreg\u00f3-, estamos trabajando para que todos tengan un hogar seguro y accesible. <\/p>\n<p>La Presidenta reconoci\u00f3 este s\u00e1bado 24 de enero a quienes recibieron distintos beneficios, incluyendo la entrega de nuevas viviendas para personas de escasos recursos econ\u00f3micos y la Pensi\u00f3n federal; \u00aby a todos los que han trabajado para hacer posible este momento\u00bb, asegur\u00f3. <\/p>\n","protected":false},"excerpt":{"rendered":"<p>Por Yani Vega Reynosa, Tamaulipas.- \u00abMe da mucho gusto estar hoy aqu\u00ed en Reynosa, Tamaulipas, para entregar beneficios de los programas del Gobierno de la Rep\u00fablica. Agradezco la presencia del Gobernador Constitucional de Tamaulipas, Doctor Am\u00e9rico Villarreal Anaya, y del Presidente Municipal de Reynosa, Carlos Pe\u00f1a Ortiz\u00bb, dijo la Presidenta al encabezar la entrega de [&hellip;]<\/p>\n","protected":false},"author":1,"featured_media":9438,"comment_status":"closed","ping_status":"closed","sticky":false,"template":"","format":"standard","meta":{"footnotes":""},"categories":[58],"tags":[],"class_list":["post-9437","post","type-post","status-publish","format-standard","has-post-thumbnail","hentry","category-top-"],"_links":{"self":[{"href":"https:\/\/www.vmnoticias.info\/index.php?rest_route=\/wp\/v2\/posts\/9437","targetHints":{"allow":["GET"]}}],"collection":[{"href":"https:\/\/www.vmnoticias.info\/index.php?rest_route=\/wp\/v2\/posts"}],"about":[{"href":"https:\/\/www.vmnoticias.info\/index.php?rest_route=\/wp\/v2\/types\/post"}],"author":[{"embeddable":true,"href":"https:\/\/www.vmnoticias.info\/index.php?rest_route=\/wp\/v2\/users\/1"}],"replies":[{"embeddable":true,"href":"https:\/\/www.vmnoticias.info\/index.php?rest_route=%2Fwp%2Fv2%2Fcomments&post=9437"}],"version-history":[{"count":1,"href":"https:\/\/www.vmnoticias.info\/index.php?rest_route=\/wp\/v2\/posts\/9437\/revisions"}],"predecessor-version":[{"id":9439,"href":"https:\/\/www.vmnoticias.info\/index.php?rest_route=\/wp\/v2\/posts\/9437\/revisions\/9439"}],"wp:featuredmedia":[{"embeddable":true,"href":"https:\/\/www.vmnoticias.info\/index.php?rest_route=\/wp\/v2\/media\/9438"}],"wp:attachment":[{"href":"https:\/\/www.vmnoticias.info\/index.php?rest_route=%2Fwp%2Fv2%2Fmedia&parent=9437"}],"wp:term":[{"taxonomy":"category","embeddable":true,"href":"https:\/\/www.vmnoticias.info\/index.php?rest_route=%2Fwp%2Fv2%2Fcategories&post=9437"},{"taxonomy":"post_tag","embeddable":true,"href":"https:\/\/www.vmnoticias.info\/index.php?rest_route=%2Fwp%2Fv2%2Ftags&post=9437"}],"curies":[{"name":"wp","href":"https:\/\/api.w.org\/{rel}","templated":true}]}}