{"id":9535,"date":"2026-02-20T10:07:00","date_gmt":"2026-02-20T16:07:00","guid":{"rendered":"https:\/\/www.vmnoticias.info\/?p=9535"},"modified":"2026-02-26T10:07:53","modified_gmt":"2026-02-26T16:07:53","slug":"realizan-primera-reunion-de-trabajo-con-empresas-operadoras-de-petroleo-y-gas-rumbo-al-cluster-energetico","status":"publish","type":"post","link":"https:\/\/www.vmnoticias.info\/?p=9535","title":{"rendered":"Realizan primera reuni\u00f3n de trabajo con Empresas Operadoras de Petr\u00f3leo y Gas rumbo al Cl\u00faster Energ\u00e9tico"},"content":{"rendered":"<p>Tampico, Tamaulipas.- Como parte de los objetivos trazados por el gobernador Am\u00e9rico Villarreal en la colaboraci\u00f3n entre el sector p\u00fablico y privado para el impulso de los proyectos estrat\u00e9gicos en el estado, se realiz\u00f3 la primera reuni\u00f3n de trabajo con Empresas Operadoras de Petr\u00f3leo y Gas, rumbo a la Conformaci\u00f3n del Cl\u00faster Energ\u00e9tico en Tamaulipas.<\/p>\n<p>El encuentro tuvo la participaci\u00f3n del secretario de Desarrollo Energ\u00e9tico, Walter Juli\u00e1n \u00c1ngel Jim\u00e9nez; de la secretaria de Econom\u00eda, Ninfa Cant\u00fa De\u00e1ndar; del presidente municipal de Altamira, Armando Mart\u00ednez Manr\u00edquez, de la subsecretar\u00eda de Empleo y Productividad Laboral de la Secretar\u00eda del Trabajo de Tamaulipas, Carolina Mart\u00ednez Molano, de la subsecretar\u00eda para la Peque\u00f1a y Mediana Empresa de la Secretar\u00eda de Econom\u00eda, Mariana \u00c1lvarez Quero y del subsecretario de Hidrocarburos de la SEDENER, Gobirish Mireles.<\/p>\n<p>A la convocatoria acudieron los principales actores del petr\u00f3leo y gas en Tamaulipas, incluyendo empresas operadoras, proveedur\u00edas, certificadoras, cl\u00fasteres, c\u00e1maras de comercio y empresariales, as\u00ed como diversas empresas vinculadas al sector de los hidrocarburos y con un inter\u00e9s por impulsar la industria energ\u00e9tica en el estado.<\/p>\n<p>\u00c1ngel Jim\u00e9nez, dijo que este espacio fue clave para el acercamiento, generaci\u00f3n de v\u00ednculos y di\u00e1logo con el prop\u00f3sito de fortalecer las cadenas de proveedur\u00eda que la industria energ\u00e9tica requiere en Tamaulipas y que contribuir\u00e1n a consolidar a muchas peque\u00f1as y medianas empresas del estado, generando m\u00e1s y mejores inversiones y mayores oportunidades de empleo.<\/p>\n<p>             *      *    *<\/p>\n","protected":false},"excerpt":{"rendered":"<p>Tampico, Tamaulipas.- Como parte de los objetivos trazados por el gobernador Am\u00e9rico Villarreal en la colaboraci\u00f3n entre el sector p\u00fablico y privado para el impulso de los proyectos estrat\u00e9gicos en el estado, se realiz\u00f3 la primera reuni\u00f3n de trabajo con Empresas Operadoras de Petr\u00f3leo y Gas, rumbo a la Conformaci\u00f3n del Cl\u00faster Energ\u00e9tico en Tamaulipas. [&hellip;]<\/p>\n","protected":false},"author":1,"featured_media":9536,"comment_status":"closed","ping_status":"closed","sticky":false,"template":"","format":"standard","meta":{"footnotes":""},"categories":[60],"tags":[],"class_list":["post-9535","post","type-post","status-publish","format-standard","has-post-thumbnail","hentry","category-top--2"],"_links":{"self":[{"href":"https:\/\/www.vmnoticias.info\/index.php?rest_route=\/wp\/v2\/posts\/9535","targetHints":{"allow":["GET"]}}],"collection":[{"href":"https:\/\/www.vmnoticias.info\/index.php?rest_route=\/wp\/v2\/posts"}],"about":[{"href":"https:\/\/www.vmnoticias.info\/index.php?rest_route=\/wp\/v2\/types\/post"}],"author":[{"embeddable":true,"href":"https:\/\/www.vmnoticias.info\/index.php?rest_route=\/wp\/v2\/users\/1"}],"replies":[{"embeddable":true,"href":"https:\/\/www.vmnoticias.info\/index.php?rest_route=%2Fwp%2Fv2%2Fcomments&post=9535"}],"version-history":[{"count":1,"href":"https:\/\/www.vmnoticias.info\/index.php?rest_route=\/wp\/v2\/posts\/9535\/revisions"}],"predecessor-version":[{"id":9537,"href":"https:\/\/www.vmnoticias.info\/index.php?rest_route=\/wp\/v2\/posts\/9535\/revisions\/9537"}],"wp:featuredmedia":[{"embeddable":true,"href":"https:\/\/www.vmnoticias.info\/index.php?rest_route=\/wp\/v2\/media\/9536"}],"wp:attachment":[{"href":"https:\/\/www.vmnoticias.info\/index.php?rest_route=%2Fwp%2Fv2%2Fmedia&parent=9535"}],"wp:term":[{"taxonomy":"category","embeddable":true,"href":"https:\/\/www.vmnoticias.info\/index.php?rest_route=%2Fwp%2Fv2%2Fcategories&post=9535"},{"taxonomy":"post_tag","embeddable":true,"href":"https:\/\/www.vmnoticias.info\/index.php?rest_route=%2Fwp%2Fv2%2Ftags&post=9535"}],"curies":[{"name":"wp","href":"https:\/\/api.w.org\/{rel}","templated":true}]}}