{"id":997,"date":"2022-01-24T08:39:59","date_gmt":"2022-01-24T14:39:59","guid":{"rendered":"https:\/\/www.vmnoticias.info\/?p=997"},"modified":"2022-02-01T08:42:34","modified_gmt":"2022-02-01T14:42:34","slug":"no-hay-audiencias-publicas-pero-siguen-llegando-los-apoyos","status":"publish","type":"post","link":"https:\/\/www.vmnoticias.info\/?p=997","title":{"rendered":"No hay Audiencias P\u00fablicas, pero siguen llegando los apoyos"},"content":{"rendered":"<p>Por Yani Vega Mar\u00edn<br \/>\nReynosa, Tamaulipas. \u2013 Debido a las restricciones derivadas por los altos contagios del Covid-19 en la entidad, las Audiencias P\u00fablicas que realiza el Ayuntamiento en las colonias han sido suspendidas, pero no los apoyos, asegur\u00f3 Esmeralda Molina Ram\u00edrez, titular del \u00e1rea de Audiencias P\u00fablicas en el municipio.<\/p>\n<p>\u201cLo \u00fanico que vamos hacer los mi\u00e9rcoles es trabajar como lo hacemos en el DIF con tres puntos de 50 personas con nuestro alcalde y regidores, esto, con el fin de seguir llevando a la ciudadan\u00eda los beneficios, tanto en los productos de limpieza, primarios, y salud\u201d.<\/p>\n<p>Hasta el momento, no se cuenta con una fecha tentativa, pues depender\u00e1 de que en Reynosa cambie el sem\u00e1foro epidemiol\u00f3gico. Por lo pronto, se seguir\u00e1 trabajando bajo las medidas sanitarias y con menos afluencia en las entregas de apoyos.<\/p>\n<p>Para las personas que deseen solicitar alg\u00fan servicio o petici\u00f3n, la funcionaria municipal, invita a acudir al \u00e1rea de Audiencias P\u00fablicas, donde se apoya con despensas, bastones y otras gestiones que hace la gente.<\/p>\n","protected":false},"excerpt":{"rendered":"<p>Por Yani Vega Mar\u00edn Reynosa, Tamaulipas. \u2013 Debido a las restricciones derivadas por los altos contagios del Covid-19 en la entidad, las Audiencias P\u00fablicas que realiza el Ayuntamiento en las colonias han sido suspendidas, pero no los apoyos, asegur\u00f3 Esmeralda Molina Ram\u00edrez, titular del \u00e1rea de Audiencias P\u00fablicas en el municipio. \u201cLo \u00fanico que vamos [&hellip;]<\/p>\n","protected":false},"author":1,"featured_media":998,"comment_status":"open","ping_status":"open","sticky":false,"template":"","format":"standard","meta":{"footnotes":""},"categories":[45],"tags":[],"class_list":["post-997","post","type-post","status-publish","format-standard","has-post-thumbnail","hentry","category-importante"],"_links":{"self":[{"href":"https:\/\/www.vmnoticias.info\/index.php?rest_route=\/wp\/v2\/posts\/997","targetHints":{"allow":["GET"]}}],"collection":[{"href":"https:\/\/www.vmnoticias.info\/index.php?rest_route=\/wp\/v2\/posts"}],"about":[{"href":"https:\/\/www.vmnoticias.info\/index.php?rest_route=\/wp\/v2\/types\/post"}],"author":[{"embeddable":true,"href":"https:\/\/www.vmnoticias.info\/index.php?rest_route=\/wp\/v2\/users\/1"}],"replies":[{"embeddable":true,"href":"https:\/\/www.vmnoticias.info\/index.php?rest_route=%2Fwp%2Fv2%2Fcomments&post=997"}],"version-history":[{"count":0,"href":"https:\/\/www.vmnoticias.info\/index.php?rest_route=\/wp\/v2\/posts\/997\/revisions"}],"wp:featuredmedia":[{"embeddable":true,"href":"https:\/\/www.vmnoticias.info\/index.php?rest_route=\/wp\/v2\/media\/998"}],"wp:attachment":[{"href":"https:\/\/www.vmnoticias.info\/index.php?rest_route=%2Fwp%2Fv2%2Fmedia&parent=997"}],"wp:term":[{"taxonomy":"category","embeddable":true,"href":"https:\/\/www.vmnoticias.info\/index.php?rest_route=%2Fwp%2Fv2%2Fcategories&post=997"},{"taxonomy":"post_tag","embeddable":true,"href":"https:\/\/www.vmnoticias.info\/index.php?rest_route=%2Fwp%2Fv2%2Ftags&post=997"}],"curies":[{"name":"wp","href":"https:\/\/api.w.org\/{rel}","templated":true}]}}