{"id":9978,"date":"2026-04-15T23:05:00","date_gmt":"2026-04-16T04:05:00","guid":{"rendered":"https:\/\/www.vmnoticias.info\/?p=9978"},"modified":"2026-04-27T23:06:55","modified_gmt":"2026-04-28T04:06:55","slug":"acercara-feria-virtual-de-empleo-oportunidades-laborales-en-reynosa","status":"publish","type":"post","link":"https:\/\/www.vmnoticias.info\/?p=9978","title":{"rendered":"Acercar\u00e1 Feria Virtual de Empleo oportunidades laborales en Reynosa"},"content":{"rendered":"<p>Por Yani Vega<br \/>\nReynosa, Tamaulipas.-<br \/>\nEl Alcalde Carlos Pe\u00f1a Ortiz y la Secretar\u00eda de Desarrollo Econ\u00f3mico y del Empleo del Gobierno de Reynosa acercan para ti nuevas oportunidades laborales para impulsar tu futuro. <\/p>\n<p>Participa en la 58\u00b0 Feria Virtual de Empleo, donde tendr\u00e1s acceso a m\u00faltiples vacantes de los sectores comercial, industrial y de servicios desde la comodidad de tu hogar. <\/p>\n<p>Con\u00e9ctate, explora opciones y aplica a las ofertas que m\u00e1s se ajusten a tu perfil, este jueves 16 de abril a trav\u00e9s de la plataforma: Facebook Live a partir de las 11:00 de la ma\u00f1ana. <\/p>\n","protected":false},"excerpt":{"rendered":"<p>Por Yani Vega Reynosa, Tamaulipas.- El Alcalde Carlos Pe\u00f1a Ortiz y la Secretar\u00eda de Desarrollo Econ\u00f3mico y del Empleo del Gobierno de Reynosa acercan para ti nuevas oportunidades laborales para impulsar tu futuro. Participa en la 58\u00b0 Feria Virtual de Empleo, donde tendr\u00e1s acceso a m\u00faltiples vacantes de los sectores comercial, industrial y de servicios [&hellip;]<\/p>\n","protected":false},"author":1,"featured_media":9979,"comment_status":"closed","ping_status":"closed","sticky":false,"template":"","format":"standard","meta":{"footnotes":""},"categories":[58],"tags":[],"class_list":["post-9978","post","type-post","status-publish","format-standard","has-post-thumbnail","hentry","category-top-"],"_links":{"self":[{"href":"https:\/\/www.vmnoticias.info\/index.php?rest_route=\/wp\/v2\/posts\/9978","targetHints":{"allow":["GET"]}}],"collection":[{"href":"https:\/\/www.vmnoticias.info\/index.php?rest_route=\/wp\/v2\/posts"}],"about":[{"href":"https:\/\/www.vmnoticias.info\/index.php?rest_route=\/wp\/v2\/types\/post"}],"author":[{"embeddable":true,"href":"https:\/\/www.vmnoticias.info\/index.php?rest_route=\/wp\/v2\/users\/1"}],"replies":[{"embeddable":true,"href":"https:\/\/www.vmnoticias.info\/index.php?rest_route=%2Fwp%2Fv2%2Fcomments&post=9978"}],"version-history":[{"count":1,"href":"https:\/\/www.vmnoticias.info\/index.php?rest_route=\/wp\/v2\/posts\/9978\/revisions"}],"predecessor-version":[{"id":9980,"href":"https:\/\/www.vmnoticias.info\/index.php?rest_route=\/wp\/v2\/posts\/9978\/revisions\/9980"}],"wp:featuredmedia":[{"embeddable":true,"href":"https:\/\/www.vmnoticias.info\/index.php?rest_route=\/wp\/v2\/media\/9979"}],"wp:attachment":[{"href":"https:\/\/www.vmnoticias.info\/index.php?rest_route=%2Fwp%2Fv2%2Fmedia&parent=9978"}],"wp:term":[{"taxonomy":"category","embeddable":true,"href":"https:\/\/www.vmnoticias.info\/index.php?rest_route=%2Fwp%2Fv2%2Fcategories&post=9978"},{"taxonomy":"post_tag","embeddable":true,"href":"https:\/\/www.vmnoticias.info\/index.php?rest_route=%2Fwp%2Fv2%2Ftags&post=9978"}],"curies":[{"name":"wp","href":"https:\/\/api.w.org\/{rel}","templated":true}]}}