{"id":9988,"date":"2026-04-16T23:10:00","date_gmt":"2026-04-17T04:10:00","guid":{"rendered":"https:\/\/www.vmnoticias.info\/?p=9988"},"modified":"2026-04-27T23:11:41","modified_gmt":"2026-04-28T04:11:41","slug":"celebrara-carlos-pena-ortiz-el-dia-del-nino-en-el-polideportivo-reynosa","status":"publish","type":"post","link":"https:\/\/www.vmnoticias.info\/?p=9988","title":{"rendered":"Celebrar\u00e1 Carlos Pe\u00f1a Ortiz el D\u00eda del Ni\u00f1o en el Polideportivo Reynosa"},"content":{"rendered":"<p>Por Yani Vega<br \/>\nReynosa, Tamaulipas.- El Presidente Municipal Carlos Pe\u00f1a Ortiz prepar\u00f3 un gran festival con Luli Pamp\u00edn por el D\u00eda del Ni\u00f1o, para todos los peque\u00f1os y peque\u00f1as de Reynosa, el lugar de la reuni\u00f3n es el Polideportivo el pr\u00f3ximo 25 de abril a partir de las 4:00 de la tarde. <\/p>\n<p>Disfruta de una tarde inolvidable con el show de Luli \u00a1Bienvenidos, Juntos Otra Vez! y celebra en grande la fiesta para los reyes y las reinas de la casa en el Polideportivo, ubicado en la carretera Reynosa a R\u00edo Bravo. <\/p>\n<p>Nadie debe faltar, prep\u00e1rate para este gran evento gratuito para todos, el Presidente Municipal te invita. <\/p>\n","protected":false},"excerpt":{"rendered":"<p>Por Yani Vega Reynosa, Tamaulipas.- El Presidente Municipal Carlos Pe\u00f1a Ortiz prepar\u00f3 un gran festival con Luli Pamp\u00edn por el D\u00eda del Ni\u00f1o, para todos los peque\u00f1os y peque\u00f1as de Reynosa, el lugar de la reuni\u00f3n es el Polideportivo el pr\u00f3ximo 25 de abril a partir de las 4:00 de la tarde. Disfruta de una [&hellip;]<\/p>\n","protected":false},"author":1,"featured_media":9989,"comment_status":"closed","ping_status":"closed","sticky":false,"template":"","format":"standard","meta":{"footnotes":""},"categories":[58],"tags":[],"class_list":["post-9988","post","type-post","status-publish","format-standard","has-post-thumbnail","hentry","category-top-"],"_links":{"self":[{"href":"https:\/\/www.vmnoticias.info\/index.php?rest_route=\/wp\/v2\/posts\/9988","targetHints":{"allow":["GET"]}}],"collection":[{"href":"https:\/\/www.vmnoticias.info\/index.php?rest_route=\/wp\/v2\/posts"}],"about":[{"href":"https:\/\/www.vmnoticias.info\/index.php?rest_route=\/wp\/v2\/types\/post"}],"author":[{"embeddable":true,"href":"https:\/\/www.vmnoticias.info\/index.php?rest_route=\/wp\/v2\/users\/1"}],"replies":[{"embeddable":true,"href":"https:\/\/www.vmnoticias.info\/index.php?rest_route=%2Fwp%2Fv2%2Fcomments&post=9988"}],"version-history":[{"count":1,"href":"https:\/\/www.vmnoticias.info\/index.php?rest_route=\/wp\/v2\/posts\/9988\/revisions"}],"predecessor-version":[{"id":9990,"href":"https:\/\/www.vmnoticias.info\/index.php?rest_route=\/wp\/v2\/posts\/9988\/revisions\/9990"}],"wp:featuredmedia":[{"embeddable":true,"href":"https:\/\/www.vmnoticias.info\/index.php?rest_route=\/wp\/v2\/media\/9989"}],"wp:attachment":[{"href":"https:\/\/www.vmnoticias.info\/index.php?rest_route=%2Fwp%2Fv2%2Fmedia&parent=9988"}],"wp:term":[{"taxonomy":"category","embeddable":true,"href":"https:\/\/www.vmnoticias.info\/index.php?rest_route=%2Fwp%2Fv2%2Fcategories&post=9988"},{"taxonomy":"post_tag","embeddable":true,"href":"https:\/\/www.vmnoticias.info\/index.php?rest_route=%2Fwp%2Fv2%2Ftags&post=9988"}],"curies":[{"name":"wp","href":"https:\/\/api.w.org\/{rel}","templated":true}]}}